{"id":5598,"date":"2022-04-03T05:59:47","date_gmt":"2022-04-03T05:59:47","guid":{"rendered":"http:\/\/tudemo.maxminterm.com\/?p=5598"},"modified":"2024-12-18T12:10:09","modified_gmt":"2024-12-18T12:10:09","slug":"los-gatos-y-las-terapias-asistidas-con-animales","status":"publish","type":"post","link":"https:\/\/www.elracodemilu.com\/ca\/los-gatos-y-las-terapias-asistidas-con-animales\/","title":{"rendered":"ELS GATS I LES TER\u00c0PIES ASSISTIDES AMB ANIMALS \u2013 ONLINE"},"content":{"rendered":"<h4 class=\"wp-block-heading\"><strong>Sabies que els GATS poden realitzar ter\u00e0pies?  CURS EN L\u00cdNIA<\/strong><\/h4>\n\n\n\n<figure class=\"wp-block-image size-full\"><img fetchpriority=\"high\" decoding=\"async\" width=\"885\" height=\"585\" src=\"https:\/\/www.elracodemilu.com\/wp-content\/uploads\/2022\/04\/gatos-3.jpg\" alt=\"\" class=\"wp-image-6613\" srcset=\"https:\/\/www.elracodemilu.com\/wp-content\/uploads\/2022\/04\/gatos-3.jpg 885w, https:\/\/www.elracodemilu.com\/wp-content\/uploads\/2022\/04\/gatos-3-300x198.jpg 300w, https:\/\/www.elracodemilu.com\/wp-content\/uploads\/2022\/04\/gatos-3-768x508.jpg 768w, https:\/\/www.elracodemilu.com\/wp-content\/uploads\/2022\/04\/gatos-3-18x12.jpg 18w\" sizes=\"(max-width: 885px) 100vw, 885px\" \/><\/figure>\n\n\n\n<p>Aquest curs t\u00e9 com a finalitat donar-te tota la informaci\u00f3 sobre com es poden utilitzar els GATS en les sessions de ter\u00e0pies assistides amb animals. Et donarem idees i sobretot parlarem de la selecci\u00f3 i la socialitzaci\u00f3 que requereixen els gats de ter\u00e0pia.<\/p>\n\n\n\n<div class=\"wp-block-buttons is-layout-flex wp-block-buttons-is-layout-flex\">\n<div class=\"wp-block-button\"><a class=\"wp-block-button__link wp-element-button\" href=\"https:\/\/pay.hotmart.com\/I42220207N?bid=1720080211752\">apuntar-me<\/a><\/div>\n<\/div>\n\n\n\n<h4 class=\"wp-block-heading\"><strong>Continguts:<\/strong><\/h4>\n\n\n\n<ul class=\"wp-block-list\">\n<li>Introducci\u00f3 a les IAA \u2013 Nomenclatures i difer\u00e8ncies<\/li>\n\n\n\n<li>Etologia b\u00e0sica del gat<\/li>\n\n\n\n<li>&nbsp;Vincle hum\u00e0-gat<\/li>\n\n\n\n<li>&nbsp;Beneficis i Objectius (f\u00edsics, cognitius, emocionals i socials)<\/li>\n\n\n\n<li>&nbsp;Gen\u00e8tica, gestaci\u00f3 i maternitat<\/li>\n\n\n\n<li>&nbsp;Bienestar Animal \u2013 Estr\u00e9s<\/li>\n\n\n\n<li>Preparaci\u00f3 del Gat de Ter\u00e0pies:\n<ul class=\"wp-block-list\">\n<li>Selecci\u00f3 del gat<\/li>\n\n\n\n<li>Socialitzaci\u00f3 i ensinistrament<\/li>\n\n\n\n<li>&nbsp;Posibles actividades<\/li>\n\n\n\n<li>&nbsp;Materials<\/li>\n<\/ul>\n<\/li>\n\n\n\n<li>Difer\u00e8ncies entre sessions de TA amb gat i TA amb gos<\/li>\n<\/ul>\n\n\n\n<h4 class=\"wp-block-heading\"><strong>A qui va dirigit<\/strong><\/h4>\n\n\n\n<p>Dirigit a tots els professionals de la salut o educaci\u00f3 que vulguin incorporar un gat dins de la seva pr\u00e0ctica.<br>Tamb\u00e9 est\u00e0 destinat a totes aquelles persones, amants dels gats, que vulguin descobrir aspectes claus de la seva educaci\u00f3, el seu comportament i del vincle hum\u00e0-fel\u00ed.<\/p>\n\n\n\n<h4 class=\"wp-block-heading\"><strong>M\u00e9s informaci\u00f3<\/strong><\/h4>\n\n\n\n<p>Adem\u00e1s podr\u00e1s realizar el curso a tu ritmo, donde y cuando quieras.<\/p>\n\n\n\n<p>Tant si treballes com a t\u00e8cnic en ter\u00e0pies o no aquest curs et donar\u00e0 coneixements en l'\u00e0mbit fel\u00ed i aprendr\u00e0s sobre comportament.<\/p>\n\n\n\n<h3 class=\"wp-block-heading\"><strong>Professores<\/strong><\/h3>\n\n\n\n<p>Aquest curs est\u00e0 realitzat per especialistes en selecci\u00f3 i conducta felina, et\u00f2legs i professionals de ter\u00e0pies amb m\u00e9s de 15 anys d'experi\u00e8ncia.<\/p>\n\n\n\n<div class=\"wp-block-columns is-layout-flex wp-container-core-columns-is-layout-28f84493 wp-block-columns-is-layout-flex\">\n<div class=\"wp-block-column is-layout-flow wp-block-column-is-layout-flow\">\n<figure class=\"wp-block-image is-resized\"><img decoding=\"async\" src=\"https:\/\/www.elracodemilu.com\/wp-content\/uploads\/2018\/06\/EQUIPO_CRISTIANA.jpg\" alt=\"\" style=\"width:auto;height:250px\"\/><\/figure>\n\n\n\n<h4 class=\"wp-block-heading\">CRISTIANA MARTINS<\/h4>\n\n\n\n<p>Experta en Ter\u00e0pies Assistides amb Animals<\/p>\n<\/div>\n\n\n\n<div class=\"wp-block-column is-layout-flow wp-block-column-is-layout-flow\">\n<figure class=\"wp-block-image is-resized\"><img decoding=\"async\" src=\"https:\/\/www.elracodemilu.com\/wp-content\/uploads\/2018\/07\/EQUIPO-MARIBEL.jpg\" alt=\"\" style=\"width:auto;height:250px\"\/><\/figure>\n\n\n\n<h4 class=\"wp-block-heading\">MARIBEL VILA<\/h4>\n\n\n\n<p>Directora El Rac\u00f3 de Milu<\/p>\n<\/div>\n<\/div>\n\n\n\n<h3 class=\"wp-block-heading\">FAQs<\/h3>\n\n\n\n<details class=\"wp-block-details is-layout-flow wp-block-details-is-layout-flow\"><summary><strong>Necessito GAT per a realitzar aquesta formaci\u00f3?<\/strong><\/summary>\n<p>No, aquesta formaci\u00f3 la pots realitzar sense tenir un gat i nom\u00e9s per a adquirir coneixements de l'\u00e0mbit fel\u00ed<\/p>\n<\/details>\n\n\n\n<details class=\"wp-block-details is-layout-flow wp-block-details-is-layout-flow\"><summary><strong>Quina titulaci\u00f3 s'obt\u00e9 amb aquesta formaci\u00f3?<\/strong><\/summary>\n<p>S'obt\u00e9 una titulaci\u00f3 pr\u00f2pia del Rac\u00f3 de Milu<\/p>\n<\/details>\n\n\n\n<details class=\"wp-block-details is-layout-flow wp-block-details-is-layout-flow\"><summary><strong><strong>Podr\u00e9 treballar una vegada finalitzat aquest curs?<\/strong><\/strong><\/summary>\n<p>Amb aquesta formaci\u00f3 obtindr\u00e0s excel\u00b7lents coneixements de tot all\u00f2 relacionat a com es pot utilitzar els gats com a recurs terap\u00e8utic per\u00f2\u00a0 dependr\u00e0 de si ja tens formaci\u00f3 com a t\u00e8cnic o expert en IAA el fet que puguis treballar, tamb\u00e9 dependr\u00e0 del tipus de gat que tinguis per poder fer ter\u00e0pies ja que molts no s\u00f3n aptes per un tema de benestar animal.<\/p>\n<\/details>","protected":false},"excerpt":{"rendered":"<p>Aquest curs t\u00e9 com a finalitat donar-te tota la informaci\u00f3 sobre com es poden utilitzar els GATS en les sessions de ter\u00e0pies assistides amb animals. Et donarem idees i sobre<\/p>","protected":false},"author":2,"featured_media":6613,"comment_status":"open","ping_status":"open","sticky":false,"template":"","format":"standard","meta":{"site-container-style":"default","site-container-layout":"default","site-sidebar-layout":"default","site-transparent-header":"default","disable-article-header":"default","disable-site-header":"default","disable-site-footer":"default","disable-content-area-spacing":"default","footnotes":""},"categories":[96],"tags":[],"class_list":["post-5598","post","type-post","status-publish","format-standard","has-post-thumbnail","hentry","category-formacion"],"yoast_head":"<!-- This site is optimized with the Yoast SEO plugin v25.3.1 - https:\/\/yoast.com\/wordpress\/plugins\/seo\/ -->\n<title>LOS GATOS Y LAS TERAPIAS ASISTIDAS CON ANIMALES - ONLINE - El Rac\u00f3 de Milu<\/title>\n<meta name=\"description\" content=\"Este curso tiene como finalidad darte toda la informaci\u00f3n sobre c\u00f3mo se pueden utilizar los GATOS en las sesiones de terapias asistidas con animales. Te daremos ideas y sobre\" \/>\n<meta name=\"robots\" content=\"index, follow, max-snippet:-1, max-image-preview:large, max-video-preview:-1\" \/>\n<link rel=\"canonical\" href=\"https:\/\/www.elracodemilu.com\/ca\/los-gatos-y-las-terapias-asistidas-con-animales\/\" \/>\n<meta property=\"og:locale\" content=\"ca_ES\" \/>\n<meta property=\"og:type\" content=\"article\" \/>\n<meta property=\"og:title\" content=\"LOS GATOS Y LAS TERAPIAS ASISTIDAS CON ANIMALES - ONLINE - El Rac\u00f3 de Milu\" \/>\n<meta property=\"og:description\" content=\"Este curso tiene como finalidad darte toda la informaci\u00f3n sobre c\u00f3mo se pueden utilizar los GATOS en las sesiones de terapias asistidas con animales. Te daremos ideas y sobre\" \/>\n<meta property=\"og:url\" content=\"https:\/\/www.elracodemilu.com\/ca\/los-gatos-y-las-terapias-asistidas-con-animales\/\" \/>\n<meta property=\"og:site_name\" content=\"El Rac\u00f3 de Milu\" \/>\n<meta property=\"article:publisher\" content=\"https:\/\/www.facebook.com\/elracodemilu\" \/>\n<meta property=\"article:published_time\" content=\"2022-04-03T05:59:47+00:00\" \/>\n<meta property=\"article:modified_time\" content=\"2024-12-18T12:10:09+00:00\" \/>\n<meta property=\"og:image\" content=\"https:\/\/www.elracodemilu.com\/wp-content\/uploads\/2022\/04\/gatos-3.jpg\" \/>\n\t<meta property=\"og:image:width\" content=\"885\" \/>\n\t<meta property=\"og:image:height\" content=\"585\" \/>\n\t<meta property=\"og:image:type\" content=\"image\/jpeg\" \/>\n<meta name=\"author\" content=\"Maribel\" \/>\n<meta name=\"twitter:card\" content=\"summary_large_image\" \/>\n<meta name=\"twitter:label1\" content=\"Escrit per\" \/>\n\t<meta name=\"twitter:data1\" content=\"Maribel\" \/>\n\t<meta name=\"twitter:label2\" content=\"Temps estimat de lectura\" \/>\n\t<meta name=\"twitter:data2\" content=\"3 minuts\" \/>\n<script type=\"application\/ld+json\" class=\"yoast-schema-graph\">{\"@context\":\"https:\/\/schema.org\",\"@graph\":[{\"@type\":\"Article\",\"@id\":\"https:\/\/www.elracodemilu.com\/los-gatos-y-las-terapias-asistidas-con-animales\/#article\",\"isPartOf\":{\"@id\":\"https:\/\/www.elracodemilu.com\/los-gatos-y-las-terapias-asistidas-con-animales\/\"},\"author\":{\"name\":\"Maribel\",\"@id\":\"https:\/\/www.elracodemilu.com\/#\/schema\/person\/4f8a7cf409ad89f25ee82893def280ab\"},\"headline\":\"LOS GATOS Y LAS TERAPIAS ASISTIDAS CON ANIMALES &#8211; ONLINE\",\"datePublished\":\"2022-04-03T05:59:47+00:00\",\"dateModified\":\"2024-12-18T12:10:09+00:00\",\"mainEntityOfPage\":{\"@id\":\"https:\/\/www.elracodemilu.com\/los-gatos-y-las-terapias-asistidas-con-animales\/\"},\"wordCount\":402,\"commentCount\":0,\"publisher\":{\"@id\":\"https:\/\/www.elracodemilu.com\/#organization\"},\"image\":{\"@id\":\"https:\/\/www.elracodemilu.com\/los-gatos-y-las-terapias-asistidas-con-animales\/#primaryimage\"},\"thumbnailUrl\":\"https:\/\/www.elracodemilu.com\/wp-content\/uploads\/2022\/04\/gatos-3.jpg\",\"articleSection\":[\"Formaci\u00f3n\"],\"inLanguage\":\"ca\",\"potentialAction\":[{\"@type\":\"CommentAction\",\"name\":\"Comment\",\"target\":[\"https:\/\/www.elracodemilu.com\/los-gatos-y-las-terapias-asistidas-con-animales\/#respond\"]}]},{\"@type\":\"WebPage\",\"@id\":\"https:\/\/www.elracodemilu.com\/los-gatos-y-las-terapias-asistidas-con-animales\/\",\"url\":\"https:\/\/www.elracodemilu.com\/los-gatos-y-las-terapias-asistidas-con-animales\/\",\"name\":\"LOS GATOS Y LAS TERAPIAS ASISTIDAS CON ANIMALES - ONLINE - El Rac\u00f3 de Milu\",\"isPartOf\":{\"@id\":\"https:\/\/www.elracodemilu.com\/#website\"},\"primaryImageOfPage\":{\"@id\":\"https:\/\/www.elracodemilu.com\/los-gatos-y-las-terapias-asistidas-con-animales\/#primaryimage\"},\"image\":{\"@id\":\"https:\/\/www.elracodemilu.com\/los-gatos-y-las-terapias-asistidas-con-animales\/#primaryimage\"},\"thumbnailUrl\":\"https:\/\/www.elracodemilu.com\/wp-content\/uploads\/2022\/04\/gatos-3.jpg\",\"datePublished\":\"2022-04-03T05:59:47+00:00\",\"dateModified\":\"2024-12-18T12:10:09+00:00\",\"description\":\"Este curso tiene como finalidad darte toda la informaci\u00f3n sobre c\u00f3mo se pueden utilizar los GATOS en las sesiones de terapias asistidas con animales. Te daremos ideas y sobre\",\"breadcrumb\":{\"@id\":\"https:\/\/www.elracodemilu.com\/los-gatos-y-las-terapias-asistidas-con-animales\/#breadcrumb\"},\"inLanguage\":\"ca\",\"potentialAction\":[{\"@type\":\"ReadAction\",\"target\":[\"https:\/\/www.elracodemilu.com\/los-gatos-y-las-terapias-asistidas-con-animales\/\"]}]},{\"@type\":\"ImageObject\",\"inLanguage\":\"ca\",\"@id\":\"https:\/\/www.elracodemilu.com\/los-gatos-y-las-terapias-asistidas-con-animales\/#primaryimage\",\"url\":\"https:\/\/www.elracodemilu.com\/wp-content\/uploads\/2022\/04\/gatos-3.jpg\",\"contentUrl\":\"https:\/\/www.elracodemilu.com\/wp-content\/uploads\/2022\/04\/gatos-3.jpg\",\"width\":885,\"height\":585},{\"@type\":\"BreadcrumbList\",\"@id\":\"https:\/\/www.elracodemilu.com\/los-gatos-y-las-terapias-asistidas-con-animales\/#breadcrumb\",\"itemListElement\":[{\"@type\":\"ListItem\",\"position\":1,\"name\":\"Portada\",\"item\":\"https:\/\/www.elracodemilu.com\/\"},{\"@type\":\"ListItem\",\"position\":2,\"name\":\"LOS GATOS Y LAS TERAPIAS ASISTIDAS CON ANIMALES &#8211; ONLINE\"}]},{\"@type\":\"WebSite\",\"@id\":\"https:\/\/www.elracodemilu.com\/#website\",\"url\":\"https:\/\/www.elracodemilu.com\/\",\"name\":\"El Rac\u00f3 de Mil\u00fa\",\"description\":\"\",\"publisher\":{\"@id\":\"https:\/\/www.elracodemilu.com\/#organization\"},\"potentialAction\":[{\"@type\":\"SearchAction\",\"target\":{\"@type\":\"EntryPoint\",\"urlTemplate\":\"https:\/\/www.elracodemilu.com\/?s={search_term_string}\"},\"query-input\":{\"@type\":\"PropertyValueSpecification\",\"valueRequired\":true,\"valueName\":\"search_term_string\"}}],\"inLanguage\":\"ca\"},{\"@type\":\"Organization\",\"@id\":\"https:\/\/www.elracodemilu.com\/#organization\",\"name\":\"El Rac\u00f3 de Milu\",\"url\":\"https:\/\/www.elracodemilu.com\/\",\"logo\":{\"@type\":\"ImageObject\",\"inLanguage\":\"ca\",\"@id\":\"https:\/\/www.elracodemilu.com\/#\/schema\/logo\/image\/\",\"url\":\"https:\/\/www.elracodemilu.com\/wp-content\/uploads\/2023\/05\/logo_milu-1.png\",\"contentUrl\":\"https:\/\/www.elracodemilu.com\/wp-content\/uploads\/2023\/05\/logo_milu-1.png\",\"width\":245,\"height\":111,\"caption\":\"El Rac\u00f3 de Milu\"},\"image\":{\"@id\":\"https:\/\/www.elracodemilu.com\/#\/schema\/logo\/image\/\"},\"sameAs\":[\"https:\/\/www.facebook.com\/elracodemilu\",\"https:\/\/www.instagram.com\/elracodemilu\/\"]},{\"@type\":\"Person\",\"@id\":\"https:\/\/www.elracodemilu.com\/#\/schema\/person\/4f8a7cf409ad89f25ee82893def280ab\",\"name\":\"Maribel\",\"image\":{\"@type\":\"ImageObject\",\"inLanguage\":\"ca\",\"@id\":\"https:\/\/www.elracodemilu.com\/#\/schema\/person\/image\/\",\"url\":\"https:\/\/secure.gravatar.com\/avatar\/4588c34c02d58271c3238aeaaeea9b00fe0caf6f06a781bb0f0d973c71e64177?s=96&d=mm&r=g\",\"contentUrl\":\"https:\/\/secure.gravatar.com\/avatar\/4588c34c02d58271c3238aeaaeea9b00fe0caf6f06a781bb0f0d973c71e64177?s=96&d=mm&r=g\",\"caption\":\"Maribel\"}}]}<\/script>\n<!-- \/ Yoast SEO plugin. -->","yoast_head_json":{"title":"LOS GATOS Y LAS TERAPIAS ASISTIDAS CON ANIMALES - ONLINE - El Rac\u00f3 de Milu","description":"Este curso tiene como finalidad darte toda la informaci\u00f3n sobre c\u00f3mo se pueden utilizar los GATOS en las sesiones de terapias asistidas con animales. Te daremos ideas y sobre","robots":{"index":"index","follow":"follow","max-snippet":"max-snippet:-1","max-image-preview":"max-image-preview:large","max-video-preview":"max-video-preview:-1"},"canonical":"https:\/\/www.elracodemilu.com\/ca\/los-gatos-y-las-terapias-asistidas-con-animales\/","og_locale":"ca_ES","og_type":"article","og_title":"LOS GATOS Y LAS TERAPIAS ASISTIDAS CON ANIMALES - ONLINE - El Rac\u00f3 de Milu","og_description":"Este curso tiene como finalidad darte toda la informaci\u00f3n sobre c\u00f3mo se pueden utilizar los GATOS en las sesiones de terapias asistidas con animales. Te daremos ideas y sobre","og_url":"https:\/\/www.elracodemilu.com\/ca\/los-gatos-y-las-terapias-asistidas-con-animales\/","og_site_name":"El Rac\u00f3 de Milu","article_publisher":"https:\/\/www.facebook.com\/elracodemilu","article_published_time":"2022-04-03T05:59:47+00:00","article_modified_time":"2024-12-18T12:10:09+00:00","og_image":[{"width":885,"height":585,"url":"https:\/\/www.elracodemilu.com\/wp-content\/uploads\/2022\/04\/gatos-3.jpg","type":"image\/jpeg"}],"author":"Maribel","twitter_card":"summary_large_image","twitter_misc":{"Escrit per":"Maribel","Temps estimat de lectura":"3 minuts"},"schema":{"@context":"https:\/\/schema.org","@graph":[{"@type":"Article","@id":"https:\/\/www.elracodemilu.com\/los-gatos-y-las-terapias-asistidas-con-animales\/#article","isPartOf":{"@id":"https:\/\/www.elracodemilu.com\/los-gatos-y-las-terapias-asistidas-con-animales\/"},"author":{"name":"Maribel","@id":"https:\/\/www.elracodemilu.com\/#\/schema\/person\/4f8a7cf409ad89f25ee82893def280ab"},"headline":"LOS GATOS Y LAS TERAPIAS ASISTIDAS CON ANIMALES &#8211; ONLINE","datePublished":"2022-04-03T05:59:47+00:00","dateModified":"2024-12-18T12:10:09+00:00","mainEntityOfPage":{"@id":"https:\/\/www.elracodemilu.com\/los-gatos-y-las-terapias-asistidas-con-animales\/"},"wordCount":402,"commentCount":0,"publisher":{"@id":"https:\/\/www.elracodemilu.com\/#organization"},"image":{"@id":"https:\/\/www.elracodemilu.com\/los-gatos-y-las-terapias-asistidas-con-animales\/#primaryimage"},"thumbnailUrl":"https:\/\/www.elracodemilu.com\/wp-content\/uploads\/2022\/04\/gatos-3.jpg","articleSection":["Formaci\u00f3n"],"inLanguage":"ca","potentialAction":[{"@type":"CommentAction","name":"Comment","target":["https:\/\/www.elracodemilu.com\/los-gatos-y-las-terapias-asistidas-con-animales\/#respond"]}]},{"@type":"WebPage","@id":"https:\/\/www.elracodemilu.com\/los-gatos-y-las-terapias-asistidas-con-animales\/","url":"https:\/\/www.elracodemilu.com\/los-gatos-y-las-terapias-asistidas-con-animales\/","name":"LOS GATOS Y LAS TERAPIAS ASISTIDAS CON ANIMALES - ONLINE - El Rac\u00f3 de Milu","isPartOf":{"@id":"https:\/\/www.elracodemilu.com\/#website"},"primaryImageOfPage":{"@id":"https:\/\/www.elracodemilu.com\/los-gatos-y-las-terapias-asistidas-con-animales\/#primaryimage"},"image":{"@id":"https:\/\/www.elracodemilu.com\/los-gatos-y-las-terapias-asistidas-con-animales\/#primaryimage"},"thumbnailUrl":"https:\/\/www.elracodemilu.com\/wp-content\/uploads\/2022\/04\/gatos-3.jpg","datePublished":"2022-04-03T05:59:47+00:00","dateModified":"2024-12-18T12:10:09+00:00","description":"Este curso tiene como finalidad darte toda la informaci\u00f3n sobre c\u00f3mo se pueden utilizar los GATOS en las sesiones de terapias asistidas con animales. Te daremos ideas y sobre","breadcrumb":{"@id":"https:\/\/www.elracodemilu.com\/los-gatos-y-las-terapias-asistidas-con-animales\/#breadcrumb"},"inLanguage":"ca","potentialAction":[{"@type":"ReadAction","target":["https:\/\/www.elracodemilu.com\/los-gatos-y-las-terapias-asistidas-con-animales\/"]}]},{"@type":"ImageObject","inLanguage":"ca","@id":"https:\/\/www.elracodemilu.com\/los-gatos-y-las-terapias-asistidas-con-animales\/#primaryimage","url":"https:\/\/www.elracodemilu.com\/wp-content\/uploads\/2022\/04\/gatos-3.jpg","contentUrl":"https:\/\/www.elracodemilu.com\/wp-content\/uploads\/2022\/04\/gatos-3.jpg","width":885,"height":585},{"@type":"BreadcrumbList","@id":"https:\/\/www.elracodemilu.com\/los-gatos-y-las-terapias-asistidas-con-animales\/#breadcrumb","itemListElement":[{"@type":"ListItem","position":1,"name":"Portada","item":"https:\/\/www.elracodemilu.com\/"},{"@type":"ListItem","position":2,"name":"LOS GATOS Y LAS TERAPIAS ASISTIDAS CON ANIMALES &#8211; ONLINE"}]},{"@type":"WebSite","@id":"https:\/\/www.elracodemilu.com\/#website","url":"https:\/\/www.elracodemilu.com\/","name":"El Rac\u00f3 de Mil\u00fa","description":"","publisher":{"@id":"https:\/\/www.elracodemilu.com\/#organization"},"potentialAction":[{"@type":"SearchAction","target":{"@type":"EntryPoint","urlTemplate":"https:\/\/www.elracodemilu.com\/?s={search_term_string}"},"query-input":{"@type":"PropertyValueSpecification","valueRequired":true,"valueName":"search_term_string"}}],"inLanguage":"ca"},{"@type":"Organization","@id":"https:\/\/www.elracodemilu.com\/#organization","name":"El Rac\u00f3 de Milu","url":"https:\/\/www.elracodemilu.com\/","logo":{"@type":"ImageObject","inLanguage":"ca","@id":"https:\/\/www.elracodemilu.com\/#\/schema\/logo\/image\/","url":"https:\/\/www.elracodemilu.com\/wp-content\/uploads\/2023\/05\/logo_milu-1.png","contentUrl":"https:\/\/www.elracodemilu.com\/wp-content\/uploads\/2023\/05\/logo_milu-1.png","width":245,"height":111,"caption":"El Rac\u00f3 de Milu"},"image":{"@id":"https:\/\/www.elracodemilu.com\/#\/schema\/logo\/image\/"},"sameAs":["https:\/\/www.facebook.com\/elracodemilu","https:\/\/www.instagram.com\/elracodemilu\/"]},{"@type":"Person","@id":"https:\/\/www.elracodemilu.com\/#\/schema\/person\/4f8a7cf409ad89f25ee82893def280ab","name":"Maribel","image":{"@type":"ImageObject","inLanguage":"ca","@id":"https:\/\/www.elracodemilu.com\/#\/schema\/person\/image\/","url":"https:\/\/secure.gravatar.com\/avatar\/4588c34c02d58271c3238aeaaeea9b00fe0caf6f06a781bb0f0d973c71e64177?s=96&d=mm&r=g","contentUrl":"https:\/\/secure.gravatar.com\/avatar\/4588c34c02d58271c3238aeaaeea9b00fe0caf6f06a781bb0f0d973c71e64177?s=96&d=mm&r=g","caption":"Maribel"}}]}},"_links":{"self":[{"href":"https:\/\/www.elracodemilu.com\/ca\/wp-json\/wp\/v2\/posts\/5598","targetHints":{"allow":["GET"]}}],"collection":[{"href":"https:\/\/www.elracodemilu.com\/ca\/wp-json\/wp\/v2\/posts"}],"about":[{"href":"https:\/\/www.elracodemilu.com\/ca\/wp-json\/wp\/v2\/types\/post"}],"author":[{"embeddable":true,"href":"https:\/\/www.elracodemilu.com\/ca\/wp-json\/wp\/v2\/users\/2"}],"replies":[{"embeddable":true,"href":"https:\/\/www.elracodemilu.com\/ca\/wp-json\/wp\/v2\/comments?post=5598"}],"version-history":[{"count":9,"href":"https:\/\/www.elracodemilu.com\/ca\/wp-json\/wp\/v2\/posts\/5598\/revisions"}],"predecessor-version":[{"id":6614,"href":"https:\/\/www.elracodemilu.com\/ca\/wp-json\/wp\/v2\/posts\/5598\/revisions\/6614"}],"wp:featuredmedia":[{"embeddable":true,"href":"https:\/\/www.elracodemilu.com\/ca\/wp-json\/wp\/v2\/media\/6613"}],"wp:attachment":[{"href":"https:\/\/www.elracodemilu.com\/ca\/wp-json\/wp\/v2\/media?parent=5598"}],"wp:term":[{"taxonomy":"category","embeddable":true,"href":"https:\/\/www.elracodemilu.com\/ca\/wp-json\/wp\/v2\/categories?post=5598"},{"taxonomy":"post_tag","embeddable":true,"href":"https:\/\/www.elracodemilu.com\/ca\/wp-json\/wp\/v2\/tags?post=5598"}],"curies":[{"name":"wp","href":"https:\/\/api.w.org\/{rel}","templated":true}]}}