{"id":5458,"date":"2023-11-16T11:51:04","date_gmt":"2023-11-16T11:51:04","guid":{"rendered":"https:\/\/www.elracodemilu.com\/?p=5458"},"modified":"2025-11-18T12:06:12","modified_gmt":"2025-11-18T12:06:12","slug":"programa-dirigido-a-personas-que-estan-ingresadas-en-la-unidad-de-cuidados-intensivos-uci-del-hospital-de-mar-de-barcelona","status":"publish","type":"post","link":"https:\/\/www.elracodemilu.com\/ca\/programa-dirigido-a-personas-que-estan-ingresadas-en-la-unidad-de-cuidados-intensivos-uci-del-hospital-de-mar-de-barcelona\/","title":{"rendered":"GOSSOS EN HOSPITALS (UCI)"},"content":{"rendered":"<div data-elementor-type=\"wp-post\" data-elementor-id=\"5458\" class=\"elementor elementor-5458\" data-elementor-post-type=\"post\">\n\t\t\t\t\t\t<section class=\"elementor-section elementor-top-section elementor-element elementor-element-d8da9b3 elementor-section-boxed elementor-section-height-default elementor-section-height-default\" data-id=\"d8da9b3\" data-element_type=\"section\">\n\t\t\t\t\t\t<div class=\"elementor-container elementor-column-gap-default\">\n\t\t\t\t\t<div class=\"elementor-column elementor-col-50 elementor-top-column elementor-element elementor-element-54b74fa\" data-id=\"54b74fa\" data-element_type=\"column\">\n\t\t\t<div class=\"elementor-widget-wrap elementor-element-populated\">\n\t\t\t\t\t\t<div class=\"elementor-element elementor-element-b0ffede elementor-widget elementor-widget-image\" data-id=\"b0ffede\" data-element_type=\"widget\" data-widget_type=\"image.default\">\n\t\t\t\t<div class=\"elementor-widget-container\">\n\t\t\t\t\t\t\t\t\t\t\t\t\t\t\t<img fetchpriority=\"high\" decoding=\"async\" width=\"953\" height=\"969\" src=\"https:\/\/www.elracodemilu.com\/wp-content\/uploads\/2023\/11\/PHOTO-2025-06-09-09-29-01-2.jpg\" class=\"attachment-large size-large wp-image-7522\" alt=\"\" srcset=\"https:\/\/www.elracodemilu.com\/wp-content\/uploads\/2023\/11\/PHOTO-2025-06-09-09-29-01-2.jpg 953w, https:\/\/www.elracodemilu.com\/wp-content\/uploads\/2023\/11\/PHOTO-2025-06-09-09-29-01-2-295x300.jpg 295w, https:\/\/www.elracodemilu.com\/wp-content\/uploads\/2023\/11\/PHOTO-2025-06-09-09-29-01-2-768x781.jpg 768w, https:\/\/www.elracodemilu.com\/wp-content\/uploads\/2023\/11\/PHOTO-2025-06-09-09-29-01-2-12x12.jpg 12w\" sizes=\"(max-width: 953px) 100vw, 953px\" \/>\t\t\t\t\t\t\t\t\t\t\t\t\t\t\t<\/div>\n\t\t\t\t<\/div>\n\t\t\t\t\t<\/div>\n\t\t<\/div>\n\t\t\t\t<div class=\"elementor-column elementor-col-50 elementor-top-column elementor-element elementor-element-605c493\" data-id=\"605c493\" data-element_type=\"column\">\n\t\t\t<div class=\"elementor-widget-wrap elementor-element-populated\">\n\t\t\t\t\t\t<div class=\"elementor-element elementor-element-86c3ca6 elementor-widget elementor-widget-text-editor\" data-id=\"86c3ca6\" data-element_type=\"widget\" data-widget_type=\"text-editor.default\">\n\t\t\t\t<div class=\"elementor-widget-container\">\n\t\t\t\t\t\t\t\t\t<p>\u00a0Programa dirigit a persones que estan ingressades en la Unitat de Vigil\u00e0ncia intensiva (UCI) de l'Hospital de Mar de Barcelona.<\/p>\n<p>Aquest programa es realitza conjuntament amb la Fundaci\u00f3 Affinity,\u00a0<strong>el Servei de Medicina Intensiva de l'Hospital de la Mar i la C\u00e0tedra de la Fundaci\u00f3 Affinity  Animals i Salut de la Universitat Aut\u00f2noma de Barcelona.<\/strong><\/p>\n<p>En cada sessi\u00f3, els pacients poden interactuar amb els animals segons les seves possibilitats de salut i mobilitat, afavorint la seva comoditat i una estimulaci\u00f3 diferent, donada pel contacte amb els gossos. Els animals contribueixen a incrementar el confort dels pacients, aconseguint que estiguin m\u00e9s relaxats i estimulant-los perqu\u00e8 millorin el seu benestar<\/p>\n<p>\u00a0<\/p>\t\t\t\t\t\t\t\t<\/div>\n\t\t\t\t<\/div>\n\t\t\t\t\t<\/div>\n\t\t<\/div>\n\t\t\t\t\t<\/div>\n\t\t<\/section>\n\t\t\t\t<section class=\"elementor-section elementor-top-section elementor-element elementor-element-de659dd elementor-section-boxed elementor-section-height-default elementor-section-height-default\" data-id=\"de659dd\" data-element_type=\"section\">\n\t\t\t\t\t\t<div class=\"elementor-container elementor-column-gap-default\">\n\t\t\t\t\t<div class=\"elementor-column elementor-col-100 elementor-top-column elementor-element elementor-element-2715aeff\" data-id=\"2715aeff\" data-element_type=\"column\">\n\t\t\t<div class=\"elementor-widget-wrap elementor-element-populated\">\n\t\t\t\t\t\t<div class=\"elementor-element elementor-element-5feefb9a elementor-widget elementor-widget-text-editor\" data-id=\"5feefb9a\" data-element_type=\"widget\" data-widget_type=\"text-editor.default\">\n\t\t\t\t<div class=\"elementor-widget-container\">\n\t\t\t\t\t\t\t\t\t<div>La finalitat del projecte \u00e9s <strong>millorar l'estat an\u00edmic dels pacients a trav\u00e9s de la interacci\u00f3 amb els gossos<\/strong>, creant un entorn en el qual el pacient pugui beneficiar-se del vincle entre els animals i les persones.\n<div>\n<p><!-- \/wp:paragraph --><!-- wp:paragraph --><\/p>\n<p>A m\u00e9s tamb\u00e9 es busca normalitzar\u00a0 la pres\u00e8ncia d'animals en els espais p\u00fablics com pot ser un hospital i aix\u00ed continuar demostrant els beneficis que t\u00e9 en la societat la conviv\u00e8ncia amb gossos (i gats.)<\/p>\n<\/div>\n<\/div>\n<p>En aquest programa participen 2 gossos; Vida i Luu, tots dos adoptats i que compleixen amb tots els controls veterinaris necessaris per a aquesta mena de programa.<\/p>\n<p style=\"font-weight: 400;\">\u00a0<\/p>\t\t\t\t\t\t\t\t<\/div>\n\t\t\t\t<\/div>\n\t\t\t\t\t<\/div>\n\t\t<\/div>\n\t\t\t\t\t<\/div>\n\t\t<\/section>\n\t\t\t\t<\/div>","protected":false},"excerpt":{"rendered":"<p>\u00a0Programa dirigido a personas que est\u00e1n ingresadas en la Unidad de Cuidados Intensivos (UCI) del Hospital de Mar de Barcelona. Este programa se realiza conjuntamente con la Fundaci\u00f3n Affinity,\u00a0el Servicio de Medicina Intensiva del Hospital del Mar y la C\u00e1tedra de la Fundaci\u00f3n Affinity \u00a0Animales y Salud de la Universidad Aut\u00f3noma de Barcelona. En cada [&hellip;]<\/p>","protected":false},"author":2,"featured_media":7515,"comment_status":"open","ping_status":"open","sticky":false,"template":"","format":"standard","meta":{"site-container-style":"default","site-container-layout":"default","site-sidebar-layout":"default","site-transparent-header":"default","disable-article-header":"default","disable-site-header":"default","disable-site-footer":"default","disable-content-area-spacing":"default","footnotes":""},"categories":[64,100],"tags":[],"class_list":["post-5458","post","type-post","status-publish","format-standard","has-post-thumbnail","hentry","category-proyectos","category-terapias"],"yoast_head":"<!-- This site is optimized with the Yoast SEO plugin v25.3.1 - https:\/\/yoast.com\/wordpress\/plugins\/seo\/ -->\n<title>Programa dirigido a personas que est\u00e1n ingresadas en la Unidad de Cuidados Intensivos (UCI) del Hospital de Mar de Barcelona.<\/title>\n<meta name=\"description\" content=\"Programa de intervenciones asistidas con animales (IAA) dirigido a personas que est\u00e1n ingresadas en la Unidad de Cuidados Intensivos (UCI) del Hospital de Mar de Barcelona.\" \/>\n<meta name=\"robots\" content=\"index, follow, max-snippet:-1, max-image-preview:large, max-video-preview:-1\" \/>\n<link rel=\"canonical\" href=\"https:\/\/www.elracodemilu.com\/ca\/programa-dirigido-a-personas-que-estan-ingresadas-en-la-unidad-de-cuidados-intensivos-uci-del-hospital-de-mar-de-barcelona\/\" \/>\n<meta property=\"og:locale\" content=\"ca_ES\" \/>\n<meta property=\"og:type\" content=\"article\" \/>\n<meta property=\"og:title\" content=\"Programa dirigido a personas que est\u00e1n ingresadas en la Unidad de Cuidados Intensivos (UCI) del Hospital de Mar de Barcelona.\" \/>\n<meta property=\"og:description\" content=\"Programa de intervenciones asistidas con animales (IAA) dirigido a personas que est\u00e1n ingresadas en la Unidad de Cuidados Intensivos (UCI) del Hospital de Mar de Barcelona.\" \/>\n<meta property=\"og:url\" content=\"https:\/\/www.elracodemilu.com\/ca\/programa-dirigido-a-personas-que-estan-ingresadas-en-la-unidad-de-cuidados-intensivos-uci-del-hospital-de-mar-de-barcelona\/\" \/>\n<meta property=\"og:site_name\" content=\"El Rac\u00f3 de Milu\" \/>\n<meta property=\"article:publisher\" content=\"https:\/\/www.facebook.com\/elracodemilu\" \/>\n<meta property=\"article:published_time\" content=\"2023-11-16T11:51:04+00:00\" \/>\n<meta property=\"article:modified_time\" content=\"2025-11-18T12:06:12+00:00\" \/>\n<meta property=\"og:image\" content=\"https:\/\/www.elracodemilu.com\/wp-content\/uploads\/2023\/11\/PHOTO-2025-06-09-09-29-01.jpg\" \/>\n\t<meta property=\"og:image:width\" content=\"1200\" \/>\n\t<meta property=\"og:image:height\" content=\"1600\" \/>\n\t<meta property=\"og:image:type\" content=\"image\/jpeg\" \/>\n<meta name=\"author\" content=\"Maribel\" \/>\n<meta name=\"twitter:card\" content=\"summary_large_image\" \/>\n<meta name=\"twitter:label1\" content=\"Escrit per\" \/>\n\t<meta name=\"twitter:data1\" content=\"Maribel\" \/>\n\t<meta name=\"twitter:label2\" content=\"Temps estimat de lectura\" \/>\n\t<meta name=\"twitter:data2\" content=\"2 minuts\" \/>\n<script type=\"application\/ld+json\" class=\"yoast-schema-graph\">{\"@context\":\"https:\/\/schema.org\",\"@graph\":[{\"@type\":\"Article\",\"@id\":\"https:\/\/www.elracodemilu.com\/programa-dirigido-a-personas-que-estan-ingresadas-en-la-unidad-de-cuidados-intensivos-uci-del-hospital-de-mar-de-barcelona\/#article\",\"isPartOf\":{\"@id\":\"https:\/\/www.elracodemilu.com\/programa-dirigido-a-personas-que-estan-ingresadas-en-la-unidad-de-cuidados-intensivos-uci-del-hospital-de-mar-de-barcelona\/\"},\"author\":{\"name\":\"Maribel\",\"@id\":\"https:\/\/www.elracodemilu.com\/#\/schema\/person\/4f8a7cf409ad89f25ee82893def280ab\"},\"headline\":\"PERROS EN HOSPITALES (UCI)\",\"datePublished\":\"2023-11-16T11:51:04+00:00\",\"dateModified\":\"2025-11-18T12:06:12+00:00\",\"mainEntityOfPage\":{\"@id\":\"https:\/\/www.elracodemilu.com\/programa-dirigido-a-personas-que-estan-ingresadas-en-la-unidad-de-cuidados-intensivos-uci-del-hospital-de-mar-de-barcelona\/\"},\"wordCount\":226,\"commentCount\":0,\"publisher\":{\"@id\":\"https:\/\/www.elracodemilu.com\/#organization\"},\"image\":{\"@id\":\"https:\/\/www.elracodemilu.com\/programa-dirigido-a-personas-que-estan-ingresadas-en-la-unidad-de-cuidados-intensivos-uci-del-hospital-de-mar-de-barcelona\/#primaryimage\"},\"thumbnailUrl\":\"https:\/\/www.elracodemilu.com\/wp-content\/uploads\/2023\/11\/PHOTO-2025-06-09-09-29-01.jpg\",\"articleSection\":[\"Proyectos\",\"Terapias\"],\"inLanguage\":\"ca\",\"potentialAction\":[{\"@type\":\"CommentAction\",\"name\":\"Comment\",\"target\":[\"https:\/\/www.elracodemilu.com\/programa-dirigido-a-personas-que-estan-ingresadas-en-la-unidad-de-cuidados-intensivos-uci-del-hospital-de-mar-de-barcelona\/#respond\"]}]},{\"@type\":\"WebPage\",\"@id\":\"https:\/\/www.elracodemilu.com\/programa-dirigido-a-personas-que-estan-ingresadas-en-la-unidad-de-cuidados-intensivos-uci-del-hospital-de-mar-de-barcelona\/\",\"url\":\"https:\/\/www.elracodemilu.com\/programa-dirigido-a-personas-que-estan-ingresadas-en-la-unidad-de-cuidados-intensivos-uci-del-hospital-de-mar-de-barcelona\/\",\"name\":\"Programa dirigido a personas que est\u00e1n ingresadas en la Unidad de Cuidados Intensivos (UCI) del Hospital de Mar de Barcelona.\",\"isPartOf\":{\"@id\":\"https:\/\/www.elracodemilu.com\/#website\"},\"primaryImageOfPage\":{\"@id\":\"https:\/\/www.elracodemilu.com\/programa-dirigido-a-personas-que-estan-ingresadas-en-la-unidad-de-cuidados-intensivos-uci-del-hospital-de-mar-de-barcelona\/#primaryimage\"},\"image\":{\"@id\":\"https:\/\/www.elracodemilu.com\/programa-dirigido-a-personas-que-estan-ingresadas-en-la-unidad-de-cuidados-intensivos-uci-del-hospital-de-mar-de-barcelona\/#primaryimage\"},\"thumbnailUrl\":\"https:\/\/www.elracodemilu.com\/wp-content\/uploads\/2023\/11\/PHOTO-2025-06-09-09-29-01.jpg\",\"datePublished\":\"2023-11-16T11:51:04+00:00\",\"dateModified\":\"2025-11-18T12:06:12+00:00\",\"description\":\"Programa de intervenciones asistidas con animales (IAA) dirigido a personas que est\u00e1n ingresadas en la Unidad de Cuidados Intensivos (UCI) del Hospital de Mar de Barcelona.\",\"breadcrumb\":{\"@id\":\"https:\/\/www.elracodemilu.com\/programa-dirigido-a-personas-que-estan-ingresadas-en-la-unidad-de-cuidados-intensivos-uci-del-hospital-de-mar-de-barcelona\/#breadcrumb\"},\"inLanguage\":\"ca\",\"potentialAction\":[{\"@type\":\"ReadAction\",\"target\":[\"https:\/\/www.elracodemilu.com\/programa-dirigido-a-personas-que-estan-ingresadas-en-la-unidad-de-cuidados-intensivos-uci-del-hospital-de-mar-de-barcelona\/\"]}]},{\"@type\":\"ImageObject\",\"inLanguage\":\"ca\",\"@id\":\"https:\/\/www.elracodemilu.com\/programa-dirigido-a-personas-que-estan-ingresadas-en-la-unidad-de-cuidados-intensivos-uci-del-hospital-de-mar-de-barcelona\/#primaryimage\",\"url\":\"https:\/\/www.elracodemilu.com\/wp-content\/uploads\/2023\/11\/PHOTO-2025-06-09-09-29-01.jpg\",\"contentUrl\":\"https:\/\/www.elracodemilu.com\/wp-content\/uploads\/2023\/11\/PHOTO-2025-06-09-09-29-01.jpg\",\"width\":1200,\"height\":1600},{\"@type\":\"BreadcrumbList\",\"@id\":\"https:\/\/www.elracodemilu.com\/programa-dirigido-a-personas-que-estan-ingresadas-en-la-unidad-de-cuidados-intensivos-uci-del-hospital-de-mar-de-barcelona\/#breadcrumb\",\"itemListElement\":[{\"@type\":\"ListItem\",\"position\":1,\"name\":\"Portada\",\"item\":\"https:\/\/www.elracodemilu.com\/\"},{\"@type\":\"ListItem\",\"position\":2,\"name\":\"PERROS EN HOSPITALES (UCI)\"}]},{\"@type\":\"WebSite\",\"@id\":\"https:\/\/www.elracodemilu.com\/#website\",\"url\":\"https:\/\/www.elracodemilu.com\/\",\"name\":\"El Rac\u00f3 de Mil\u00fa\",\"description\":\"\",\"publisher\":{\"@id\":\"https:\/\/www.elracodemilu.com\/#organization\"},\"potentialAction\":[{\"@type\":\"SearchAction\",\"target\":{\"@type\":\"EntryPoint\",\"urlTemplate\":\"https:\/\/www.elracodemilu.com\/?s={search_term_string}\"},\"query-input\":{\"@type\":\"PropertyValueSpecification\",\"valueRequired\":true,\"valueName\":\"search_term_string\"}}],\"inLanguage\":\"ca\"},{\"@type\":\"Organization\",\"@id\":\"https:\/\/www.elracodemilu.com\/#organization\",\"name\":\"El Rac\u00f3 de Milu\",\"url\":\"https:\/\/www.elracodemilu.com\/\",\"logo\":{\"@type\":\"ImageObject\",\"inLanguage\":\"ca\",\"@id\":\"https:\/\/www.elracodemilu.com\/#\/schema\/logo\/image\/\",\"url\":\"https:\/\/www.elracodemilu.com\/wp-content\/uploads\/2023\/05\/logo_milu-1.png\",\"contentUrl\":\"https:\/\/www.elracodemilu.com\/wp-content\/uploads\/2023\/05\/logo_milu-1.png\",\"width\":245,\"height\":111,\"caption\":\"El Rac\u00f3 de Milu\"},\"image\":{\"@id\":\"https:\/\/www.elracodemilu.com\/#\/schema\/logo\/image\/\"},\"sameAs\":[\"https:\/\/www.facebook.com\/elracodemilu\",\"https:\/\/www.instagram.com\/elracodemilu\/\"]},{\"@type\":\"Person\",\"@id\":\"https:\/\/www.elracodemilu.com\/#\/schema\/person\/4f8a7cf409ad89f25ee82893def280ab\",\"name\":\"Maribel\",\"image\":{\"@type\":\"ImageObject\",\"inLanguage\":\"ca\",\"@id\":\"https:\/\/www.elracodemilu.com\/#\/schema\/person\/image\/\",\"url\":\"https:\/\/secure.gravatar.com\/avatar\/4588c34c02d58271c3238aeaaeea9b00fe0caf6f06a781bb0f0d973c71e64177?s=96&d=mm&r=g\",\"contentUrl\":\"https:\/\/secure.gravatar.com\/avatar\/4588c34c02d58271c3238aeaaeea9b00fe0caf6f06a781bb0f0d973c71e64177?s=96&d=mm&r=g\",\"caption\":\"Maribel\"}}]}<\/script>\n<!-- \/ Yoast SEO plugin. -->","yoast_head_json":{"title":"Programa dirigido a personas que est\u00e1n ingresadas en la Unidad de Cuidados Intensivos (UCI) del Hospital de Mar de Barcelona.","description":"Programa de intervenciones asistidas con animales (IAA) dirigido a personas que est\u00e1n ingresadas en la Unidad de Cuidados Intensivos (UCI) del Hospital de Mar de Barcelona.","robots":{"index":"index","follow":"follow","max-snippet":"max-snippet:-1","max-image-preview":"max-image-preview:large","max-video-preview":"max-video-preview:-1"},"canonical":"https:\/\/www.elracodemilu.com\/ca\/programa-dirigido-a-personas-que-estan-ingresadas-en-la-unidad-de-cuidados-intensivos-uci-del-hospital-de-mar-de-barcelona\/","og_locale":"ca_ES","og_type":"article","og_title":"Programa dirigido a personas que est\u00e1n ingresadas en la Unidad de Cuidados Intensivos (UCI) del Hospital de Mar de Barcelona.","og_description":"Programa de intervenciones asistidas con animales (IAA) dirigido a personas que est\u00e1n ingresadas en la Unidad de Cuidados Intensivos (UCI) del Hospital de Mar de Barcelona.","og_url":"https:\/\/www.elracodemilu.com\/ca\/programa-dirigido-a-personas-que-estan-ingresadas-en-la-unidad-de-cuidados-intensivos-uci-del-hospital-de-mar-de-barcelona\/","og_site_name":"El Rac\u00f3 de Milu","article_publisher":"https:\/\/www.facebook.com\/elracodemilu","article_published_time":"2023-11-16T11:51:04+00:00","article_modified_time":"2025-11-18T12:06:12+00:00","og_image":[{"width":1200,"height":1600,"url":"https:\/\/www.elracodemilu.com\/wp-content\/uploads\/2023\/11\/PHOTO-2025-06-09-09-29-01.jpg","type":"image\/jpeg"}],"author":"Maribel","twitter_card":"summary_large_image","twitter_misc":{"Escrit per":"Maribel","Temps estimat de lectura":"2 minuts"},"schema":{"@context":"https:\/\/schema.org","@graph":[{"@type":"Article","@id":"https:\/\/www.elracodemilu.com\/programa-dirigido-a-personas-que-estan-ingresadas-en-la-unidad-de-cuidados-intensivos-uci-del-hospital-de-mar-de-barcelona\/#article","isPartOf":{"@id":"https:\/\/www.elracodemilu.com\/programa-dirigido-a-personas-que-estan-ingresadas-en-la-unidad-de-cuidados-intensivos-uci-del-hospital-de-mar-de-barcelona\/"},"author":{"name":"Maribel","@id":"https:\/\/www.elracodemilu.com\/#\/schema\/person\/4f8a7cf409ad89f25ee82893def280ab"},"headline":"PERROS EN HOSPITALES (UCI)","datePublished":"2023-11-16T11:51:04+00:00","dateModified":"2025-11-18T12:06:12+00:00","mainEntityOfPage":{"@id":"https:\/\/www.elracodemilu.com\/programa-dirigido-a-personas-que-estan-ingresadas-en-la-unidad-de-cuidados-intensivos-uci-del-hospital-de-mar-de-barcelona\/"},"wordCount":226,"commentCount":0,"publisher":{"@id":"https:\/\/www.elracodemilu.com\/#organization"},"image":{"@id":"https:\/\/www.elracodemilu.com\/programa-dirigido-a-personas-que-estan-ingresadas-en-la-unidad-de-cuidados-intensivos-uci-del-hospital-de-mar-de-barcelona\/#primaryimage"},"thumbnailUrl":"https:\/\/www.elracodemilu.com\/wp-content\/uploads\/2023\/11\/PHOTO-2025-06-09-09-29-01.jpg","articleSection":["Proyectos","Terapias"],"inLanguage":"ca","potentialAction":[{"@type":"CommentAction","name":"Comment","target":["https:\/\/www.elracodemilu.com\/programa-dirigido-a-personas-que-estan-ingresadas-en-la-unidad-de-cuidados-intensivos-uci-del-hospital-de-mar-de-barcelona\/#respond"]}]},{"@type":"WebPage","@id":"https:\/\/www.elracodemilu.com\/programa-dirigido-a-personas-que-estan-ingresadas-en-la-unidad-de-cuidados-intensivos-uci-del-hospital-de-mar-de-barcelona\/","url":"https:\/\/www.elracodemilu.com\/programa-dirigido-a-personas-que-estan-ingresadas-en-la-unidad-de-cuidados-intensivos-uci-del-hospital-de-mar-de-barcelona\/","name":"Programa dirigido a personas que est\u00e1n ingresadas en la Unidad de Cuidados Intensivos (UCI) del Hospital de Mar de Barcelona.","isPartOf":{"@id":"https:\/\/www.elracodemilu.com\/#website"},"primaryImageOfPage":{"@id":"https:\/\/www.elracodemilu.com\/programa-dirigido-a-personas-que-estan-ingresadas-en-la-unidad-de-cuidados-intensivos-uci-del-hospital-de-mar-de-barcelona\/#primaryimage"},"image":{"@id":"https:\/\/www.elracodemilu.com\/programa-dirigido-a-personas-que-estan-ingresadas-en-la-unidad-de-cuidados-intensivos-uci-del-hospital-de-mar-de-barcelona\/#primaryimage"},"thumbnailUrl":"https:\/\/www.elracodemilu.com\/wp-content\/uploads\/2023\/11\/PHOTO-2025-06-09-09-29-01.jpg","datePublished":"2023-11-16T11:51:04+00:00","dateModified":"2025-11-18T12:06:12+00:00","description":"Programa de intervenciones asistidas con animales (IAA) dirigido a personas que est\u00e1n ingresadas en la Unidad de Cuidados Intensivos (UCI) del Hospital de Mar de Barcelona.","breadcrumb":{"@id":"https:\/\/www.elracodemilu.com\/programa-dirigido-a-personas-que-estan-ingresadas-en-la-unidad-de-cuidados-intensivos-uci-del-hospital-de-mar-de-barcelona\/#breadcrumb"},"inLanguage":"ca","potentialAction":[{"@type":"ReadAction","target":["https:\/\/www.elracodemilu.com\/programa-dirigido-a-personas-que-estan-ingresadas-en-la-unidad-de-cuidados-intensivos-uci-del-hospital-de-mar-de-barcelona\/"]}]},{"@type":"ImageObject","inLanguage":"ca","@id":"https:\/\/www.elracodemilu.com\/programa-dirigido-a-personas-que-estan-ingresadas-en-la-unidad-de-cuidados-intensivos-uci-del-hospital-de-mar-de-barcelona\/#primaryimage","url":"https:\/\/www.elracodemilu.com\/wp-content\/uploads\/2023\/11\/PHOTO-2025-06-09-09-29-01.jpg","contentUrl":"https:\/\/www.elracodemilu.com\/wp-content\/uploads\/2023\/11\/PHOTO-2025-06-09-09-29-01.jpg","width":1200,"height":1600},{"@type":"BreadcrumbList","@id":"https:\/\/www.elracodemilu.com\/programa-dirigido-a-personas-que-estan-ingresadas-en-la-unidad-de-cuidados-intensivos-uci-del-hospital-de-mar-de-barcelona\/#breadcrumb","itemListElement":[{"@type":"ListItem","position":1,"name":"Portada","item":"https:\/\/www.elracodemilu.com\/"},{"@type":"ListItem","position":2,"name":"PERROS EN HOSPITALES (UCI)"}]},{"@type":"WebSite","@id":"https:\/\/www.elracodemilu.com\/#website","url":"https:\/\/www.elracodemilu.com\/","name":"El Rac\u00f3 de Mil\u00fa","description":"","publisher":{"@id":"https:\/\/www.elracodemilu.com\/#organization"},"potentialAction":[{"@type":"SearchAction","target":{"@type":"EntryPoint","urlTemplate":"https:\/\/www.elracodemilu.com\/?s={search_term_string}"},"query-input":{"@type":"PropertyValueSpecification","valueRequired":true,"valueName":"search_term_string"}}],"inLanguage":"ca"},{"@type":"Organization","@id":"https:\/\/www.elracodemilu.com\/#organization","name":"El Rac\u00f3 de Milu","url":"https:\/\/www.elracodemilu.com\/","logo":{"@type":"ImageObject","inLanguage":"ca","@id":"https:\/\/www.elracodemilu.com\/#\/schema\/logo\/image\/","url":"https:\/\/www.elracodemilu.com\/wp-content\/uploads\/2023\/05\/logo_milu-1.png","contentUrl":"https:\/\/www.elracodemilu.com\/wp-content\/uploads\/2023\/05\/logo_milu-1.png","width":245,"height":111,"caption":"El Rac\u00f3 de Milu"},"image":{"@id":"https:\/\/www.elracodemilu.com\/#\/schema\/logo\/image\/"},"sameAs":["https:\/\/www.facebook.com\/elracodemilu","https:\/\/www.instagram.com\/elracodemilu\/"]},{"@type":"Person","@id":"https:\/\/www.elracodemilu.com\/#\/schema\/person\/4f8a7cf409ad89f25ee82893def280ab","name":"Maribel","image":{"@type":"ImageObject","inLanguage":"ca","@id":"https:\/\/www.elracodemilu.com\/#\/schema\/person\/image\/","url":"https:\/\/secure.gravatar.com\/avatar\/4588c34c02d58271c3238aeaaeea9b00fe0caf6f06a781bb0f0d973c71e64177?s=96&d=mm&r=g","contentUrl":"https:\/\/secure.gravatar.com\/avatar\/4588c34c02d58271c3238aeaaeea9b00fe0caf6f06a781bb0f0d973c71e64177?s=96&d=mm&r=g","caption":"Maribel"}}]}},"_links":{"self":[{"href":"https:\/\/www.elracodemilu.com\/ca\/wp-json\/wp\/v2\/posts\/5458","targetHints":{"allow":["GET"]}}],"collection":[{"href":"https:\/\/www.elracodemilu.com\/ca\/wp-json\/wp\/v2\/posts"}],"about":[{"href":"https:\/\/www.elracodemilu.com\/ca\/wp-json\/wp\/v2\/types\/post"}],"author":[{"embeddable":true,"href":"https:\/\/www.elracodemilu.com\/ca\/wp-json\/wp\/v2\/users\/2"}],"replies":[{"embeddable":true,"href":"https:\/\/www.elracodemilu.com\/ca\/wp-json\/wp\/v2\/comments?post=5458"}],"version-history":[{"count":24,"href":"https:\/\/www.elracodemilu.com\/ca\/wp-json\/wp\/v2\/posts\/5458\/revisions"}],"predecessor-version":[{"id":7527,"href":"https:\/\/www.elracodemilu.com\/ca\/wp-json\/wp\/v2\/posts\/5458\/revisions\/7527"}],"wp:featuredmedia":[{"embeddable":true,"href":"https:\/\/www.elracodemilu.com\/ca\/wp-json\/wp\/v2\/media\/7515"}],"wp:attachment":[{"href":"https:\/\/www.elracodemilu.com\/ca\/wp-json\/wp\/v2\/media?parent=5458"}],"wp:term":[{"taxonomy":"category","embeddable":true,"href":"https:\/\/www.elracodemilu.com\/ca\/wp-json\/wp\/v2\/categories?post=5458"},{"taxonomy":"post_tag","embeddable":true,"href":"https:\/\/www.elracodemilu.com\/ca\/wp-json\/wp\/v2\/tags?post=5458"}],"curies":[{"name":"wp","href":"https:\/\/api.w.org\/{rel}","templated":true}]}}