{"id":2510,"date":"2023-06-14T13:30:32","date_gmt":"2023-06-14T13:30:32","guid":{"rendered":"http:\/\/academist.elated-themes.com\/?p=2510"},"modified":"2025-02-28T10:48:09","modified_gmt":"2025-02-28T10:48:09","slug":"programa-respetame","status":"publish","type":"post","link":"https:\/\/www.elracodemilu.com\/ca\/programa-respetame\/","title":{"rendered":"PROGRAMA  SOBRE BULLYING"},"content":{"rendered":"<p>&nbsp;<\/p>\n\n\n\n<figure class=\"wp-block-image alignright size-large is-resized\"><img fetchpriority=\"high\" decoding=\"async\" width=\"1024\" height=\"682\" src=\"https:\/\/www.elracodemilu.com\/wp-content\/uploads\/2018\/07\/RESPETAME-1024x682.jpg\" alt=\"\" class=\"wp-image-5116\" style=\"width:503px;height:auto\" srcset=\"https:\/\/www.elracodemilu.com\/wp-content\/uploads\/2018\/07\/RESPETAME-1024x682.jpg 1024w, https:\/\/www.elracodemilu.com\/wp-content\/uploads\/2018\/07\/RESPETAME-300x200.jpg 300w, https:\/\/www.elracodemilu.com\/wp-content\/uploads\/2018\/07\/RESPETAME-768x512.jpg 768w, https:\/\/www.elracodemilu.com\/wp-content\/uploads\/2018\/07\/RESPETAME-1536x1023.jpg 1536w, https:\/\/www.elracodemilu.com\/wp-content\/uploads\/2018\/07\/RESPETAME.jpg 1600w\" sizes=\"(max-width: 1024px) 100vw, 1024px\" \/><\/figure>\n\n\n\n<p><span style=\"font-weight: 400;\">El programa <strong>\u00abResp\u00e9tame\u00bb<\/strong> es un programa educativo, &nbsp;en horario lectivo, que realizamos en Escuelas e Institutos para prevenir y trabajar las conductas de Bullying.<br><\/span><\/p>\n\n\n\n<p><b>Aquest programa vol treballar i prevenir conductes de <\/b><b><i>bullying<\/i><\/b><b> i millorar la relaci\u00f3 entre els alumnes i entre alumnes i professors. Normalment els programes de bullying van dirigits a les v\u00edctimes i poques vegades es treballa conjuntament agredit i agressor. En aquest programa s\u2019utilitzen t\u00e8cniques de coaching, acroesport, din\u00e0miques col\u00b7laboratives i diferents t\u00e8cniques d\u2019ensinistrament can\u00ed.<\/b><\/p>\n\n\n\n<p><span style=\"font-weight: 400;\">Amb aquest programa es planteja als joves una nova manera d\u2019aprendre i de relacionar-se amb els companys i professors. A trav\u00e9s de l\u2019aprenentatge i coneixement del m\u00f3n can\u00ed i de com nosaltres ensenyem i ens relacionem amb els gossos podem aprendre a <\/span><b>&nbsp;respectar, valorar i aplicar el refor\u00e7 positiu cap als altres i cap a un mateix, a treballar en equip, a comunicar-nos d\u2019una forma diferent, a donar import\u00e0ncia al llenguatge corporal, a tenir paci\u00e8ncia, a posar en pr\u00e0ctica l\u2019assaig i error, fins a aconseguir el nostre objectiu, a acceptar les difer\u00e8ncies, a estar concentrats en una tasca, <\/b><span style=\"font-weight: 400;\">i un sense fi d\u2019habilitats m\u00e9s, que a poc a poc es van implementat en les seves relacions personals en el dia a dia. El gos actua com a vehicle i mirall, a trav\u00e9s d\u2019ells podem aprendre sobre les nostres pr\u00f2pies conductes i relacions<\/span><\/p>\n\n\n\n<p><span style=\"font-weight: 400;\">Centres on es realitza aquest programa:<\/span><\/p>\n\n\n\n<ul class=\"wp-block-list\">\n<li>\n<ul class=\"wp-block-list\">\n<li><strong><a href=\"https:\/\/lleoxiii.com\">Escola Lle\u00f3 XIII de Barcelona<\/a>Es treballa amb alumnes de 6\u00e8 de prim\u00e0ria i 3r d\u2019Eso.<\/strong><\/li>\n\n\n\n<li><strong><a href=\"https:\/\/agora.xtec.cat\/iescarrascobarcelona\/\">Institut Manuel Carrasco i Formiguera\u00a0 de Barcelona.<\/a> Se trabaja con alumnos de 3\u00ba de Eso<\/strong><\/li>\n<\/ul>\n<\/li>\n<\/ul>\n\n\n\n<p><\/p>","protected":false},"excerpt":{"rendered":"<p>Programa educativo, en horario lectivo, para prevenir y trabajar las conductas de Bullying<\/p>\n<p>Este programa quiere trabajar y prevenir conductas de bullying y mejorar la relaci\u00f3n entre los alumnos y entre alumnos y profesores. Normalmente los programas de bullying van dirigidos a las v\u00edctimas y pocas veces se trabaja conjuntamente agredido y agresor. En este programa se utilizan t\u00e9cnicas de coaching, acrosport, din\u00e1micas colaborativas y diferentes t\u00e9cnicas de adiestramiento canino.<\/p>","protected":false},"author":2,"featured_media":5116,"comment_status":"closed","ping_status":"closed","sticky":false,"template":"","format":"standard","meta":{"site-container-style":"default","site-container-layout":"default","site-sidebar-layout":"default","site-transparent-header":"default","disable-article-header":"default","disable-site-header":"default","disable-site-footer":"default","disable-content-area-spacing":"default","footnotes":""},"categories":[64],"tags":[],"class_list":["post-2510","post","type-post","status-publish","format-standard","has-post-thumbnail","hentry","category-proyectos"],"yoast_head":"<!-- This site is optimized with the Yoast SEO plugin v25.3.1 - https:\/\/yoast.com\/wordpress\/plugins\/seo\/ -->\n<title>Programa &#039;Resp\u00e9tame&#039;. El Rac\u00f3 de Milu<\/title>\n<meta name=\"description\" content=\"Programa educativo, en horario lectivo, para prevenir y trabajar las conductas de Bullying en los colegios.\" \/>\n<meta name=\"robots\" content=\"index, follow, max-snippet:-1, max-image-preview:large, max-video-preview:-1\" \/>\n<link rel=\"canonical\" href=\"https:\/\/www.elracodemilu.com\/ca\/programa-respetame\/\" \/>\n<meta property=\"og:locale\" content=\"ca_ES\" \/>\n<meta property=\"og:type\" content=\"article\" \/>\n<meta property=\"og:title\" content=\"Programa &#039;Resp\u00e9tame&#039;. El Rac\u00f3 de Milu\" \/>\n<meta property=\"og:description\" content=\"Programa educativo, en horario lectivo, para prevenir y trabajar las conductas de Bullying en los colegios.\" \/>\n<meta property=\"og:url\" content=\"https:\/\/www.elracodemilu.com\/ca\/programa-respetame\/\" \/>\n<meta property=\"og:site_name\" content=\"El Rac\u00f3 de Milu\" \/>\n<meta property=\"article:publisher\" content=\"https:\/\/www.facebook.com\/elracodemilu\" \/>\n<meta property=\"article:published_time\" content=\"2023-06-14T13:30:32+00:00\" \/>\n<meta property=\"article:modified_time\" content=\"2025-02-28T10:48:09+00:00\" \/>\n<meta property=\"og:image\" content=\"https:\/\/www.elracodemilu.com\/wp-content\/uploads\/2018\/07\/RESPETAME.jpg\" \/>\n\t<meta property=\"og:image:width\" content=\"1600\" \/>\n\t<meta property=\"og:image:height\" content=\"1066\" \/>\n\t<meta property=\"og:image:type\" content=\"image\/jpeg\" \/>\n<meta name=\"author\" content=\"Maribel\" \/>\n<meta name=\"twitter:card\" content=\"summary_large_image\" \/>\n<meta name=\"twitter:label1\" content=\"Escrit per\" \/>\n\t<meta name=\"twitter:data1\" content=\"Maribel\" \/>\n\t<meta name=\"twitter:label2\" content=\"Temps estimat de lectura\" \/>\n\t<meta name=\"twitter:data2\" content=\"2 minuts\" \/>\n<script type=\"application\/ld+json\" class=\"yoast-schema-graph\">{\"@context\":\"https:\/\/schema.org\",\"@graph\":[{\"@type\":\"Article\",\"@id\":\"https:\/\/www.elracodemilu.com\/programa-respetame\/#article\",\"isPartOf\":{\"@id\":\"https:\/\/www.elracodemilu.com\/programa-respetame\/\"},\"author\":{\"name\":\"Maribel\",\"@id\":\"https:\/\/www.elracodemilu.com\/#\/schema\/person\/4f8a7cf409ad89f25ee82893def280ab\"},\"headline\":\"PROGRAMA SOBRE BULLYING\",\"datePublished\":\"2023-06-14T13:30:32+00:00\",\"dateModified\":\"2025-02-28T10:48:09+00:00\",\"mainEntityOfPage\":{\"@id\":\"https:\/\/www.elracodemilu.com\/programa-respetame\/\"},\"wordCount\":285,\"publisher\":{\"@id\":\"https:\/\/www.elracodemilu.com\/#organization\"},\"image\":{\"@id\":\"https:\/\/www.elracodemilu.com\/programa-respetame\/#primaryimage\"},\"thumbnailUrl\":\"https:\/\/www.elracodemilu.com\/wp-content\/uploads\/2018\/07\/RESPETAME.jpg\",\"articleSection\":[\"Proyectos\"],\"inLanguage\":\"ca\"},{\"@type\":\"WebPage\",\"@id\":\"https:\/\/www.elracodemilu.com\/programa-respetame\/\",\"url\":\"https:\/\/www.elracodemilu.com\/programa-respetame\/\",\"name\":\"Programa 'Resp\u00e9tame'. El Rac\u00f3 de Milu\",\"isPartOf\":{\"@id\":\"https:\/\/www.elracodemilu.com\/#website\"},\"primaryImageOfPage\":{\"@id\":\"https:\/\/www.elracodemilu.com\/programa-respetame\/#primaryimage\"},\"image\":{\"@id\":\"https:\/\/www.elracodemilu.com\/programa-respetame\/#primaryimage\"},\"thumbnailUrl\":\"https:\/\/www.elracodemilu.com\/wp-content\/uploads\/2018\/07\/RESPETAME.jpg\",\"datePublished\":\"2023-06-14T13:30:32+00:00\",\"dateModified\":\"2025-02-28T10:48:09+00:00\",\"description\":\"Programa educativo, en horario lectivo, para prevenir y trabajar las conductas de Bullying en los colegios.\",\"breadcrumb\":{\"@id\":\"https:\/\/www.elracodemilu.com\/programa-respetame\/#breadcrumb\"},\"inLanguage\":\"ca\",\"potentialAction\":[{\"@type\":\"ReadAction\",\"target\":[\"https:\/\/www.elracodemilu.com\/programa-respetame\/\"]}]},{\"@type\":\"ImageObject\",\"inLanguage\":\"ca\",\"@id\":\"https:\/\/www.elracodemilu.com\/programa-respetame\/#primaryimage\",\"url\":\"https:\/\/www.elracodemilu.com\/wp-content\/uploads\/2018\/07\/RESPETAME.jpg\",\"contentUrl\":\"https:\/\/www.elracodemilu.com\/wp-content\/uploads\/2018\/07\/RESPETAME.jpg\",\"width\":1600,\"height\":1066},{\"@type\":\"BreadcrumbList\",\"@id\":\"https:\/\/www.elracodemilu.com\/programa-respetame\/#breadcrumb\",\"itemListElement\":[{\"@type\":\"ListItem\",\"position\":1,\"name\":\"Portada\",\"item\":\"https:\/\/www.elracodemilu.com\/\"},{\"@type\":\"ListItem\",\"position\":2,\"name\":\"PROGRAMA SOBRE BULLYING\"}]},{\"@type\":\"WebSite\",\"@id\":\"https:\/\/www.elracodemilu.com\/#website\",\"url\":\"https:\/\/www.elracodemilu.com\/\",\"name\":\"El Rac\u00f3 de Mil\u00fa\",\"description\":\"\",\"publisher\":{\"@id\":\"https:\/\/www.elracodemilu.com\/#organization\"},\"potentialAction\":[{\"@type\":\"SearchAction\",\"target\":{\"@type\":\"EntryPoint\",\"urlTemplate\":\"https:\/\/www.elracodemilu.com\/?s={search_term_string}\"},\"query-input\":{\"@type\":\"PropertyValueSpecification\",\"valueRequired\":true,\"valueName\":\"search_term_string\"}}],\"inLanguage\":\"ca\"},{\"@type\":\"Organization\",\"@id\":\"https:\/\/www.elracodemilu.com\/#organization\",\"name\":\"El Rac\u00f3 de Milu\",\"url\":\"https:\/\/www.elracodemilu.com\/\",\"logo\":{\"@type\":\"ImageObject\",\"inLanguage\":\"ca\",\"@id\":\"https:\/\/www.elracodemilu.com\/#\/schema\/logo\/image\/\",\"url\":\"https:\/\/www.elracodemilu.com\/wp-content\/uploads\/2023\/05\/logo_milu-1.png\",\"contentUrl\":\"https:\/\/www.elracodemilu.com\/wp-content\/uploads\/2023\/05\/logo_milu-1.png\",\"width\":245,\"height\":111,\"caption\":\"El Rac\u00f3 de Milu\"},\"image\":{\"@id\":\"https:\/\/www.elracodemilu.com\/#\/schema\/logo\/image\/\"},\"sameAs\":[\"https:\/\/www.facebook.com\/elracodemilu\",\"https:\/\/www.instagram.com\/elracodemilu\/\"]},{\"@type\":\"Person\",\"@id\":\"https:\/\/www.elracodemilu.com\/#\/schema\/person\/4f8a7cf409ad89f25ee82893def280ab\",\"name\":\"Maribel\",\"image\":{\"@type\":\"ImageObject\",\"inLanguage\":\"ca\",\"@id\":\"https:\/\/www.elracodemilu.com\/#\/schema\/person\/image\/\",\"url\":\"https:\/\/secure.gravatar.com\/avatar\/4588c34c02d58271c3238aeaaeea9b00fe0caf6f06a781bb0f0d973c71e64177?s=96&d=mm&r=g\",\"contentUrl\":\"https:\/\/secure.gravatar.com\/avatar\/4588c34c02d58271c3238aeaaeea9b00fe0caf6f06a781bb0f0d973c71e64177?s=96&d=mm&r=g\",\"caption\":\"Maribel\"}}]}<\/script>\n<!-- \/ Yoast SEO plugin. -->","yoast_head_json":{"title":"Programa 'Resp\u00e9tame'. El Rac\u00f3 de Milu","description":"Programa educativo, en horario lectivo, para prevenir y trabajar las conductas de Bullying en los colegios.","robots":{"index":"index","follow":"follow","max-snippet":"max-snippet:-1","max-image-preview":"max-image-preview:large","max-video-preview":"max-video-preview:-1"},"canonical":"https:\/\/www.elracodemilu.com\/ca\/programa-respetame\/","og_locale":"ca_ES","og_type":"article","og_title":"Programa 'Resp\u00e9tame'. El Rac\u00f3 de Milu","og_description":"Programa educativo, en horario lectivo, para prevenir y trabajar las conductas de Bullying en los colegios.","og_url":"https:\/\/www.elracodemilu.com\/ca\/programa-respetame\/","og_site_name":"El Rac\u00f3 de Milu","article_publisher":"https:\/\/www.facebook.com\/elracodemilu","article_published_time":"2023-06-14T13:30:32+00:00","article_modified_time":"2025-02-28T10:48:09+00:00","og_image":[{"width":1600,"height":1066,"url":"https:\/\/www.elracodemilu.com\/wp-content\/uploads\/2018\/07\/RESPETAME.jpg","type":"image\/jpeg"}],"author":"Maribel","twitter_card":"summary_large_image","twitter_misc":{"Escrit per":"Maribel","Temps estimat de lectura":"2 minuts"},"schema":{"@context":"https:\/\/schema.org","@graph":[{"@type":"Article","@id":"https:\/\/www.elracodemilu.com\/programa-respetame\/#article","isPartOf":{"@id":"https:\/\/www.elracodemilu.com\/programa-respetame\/"},"author":{"name":"Maribel","@id":"https:\/\/www.elracodemilu.com\/#\/schema\/person\/4f8a7cf409ad89f25ee82893def280ab"},"headline":"PROGRAMA SOBRE BULLYING","datePublished":"2023-06-14T13:30:32+00:00","dateModified":"2025-02-28T10:48:09+00:00","mainEntityOfPage":{"@id":"https:\/\/www.elracodemilu.com\/programa-respetame\/"},"wordCount":285,"publisher":{"@id":"https:\/\/www.elracodemilu.com\/#organization"},"image":{"@id":"https:\/\/www.elracodemilu.com\/programa-respetame\/#primaryimage"},"thumbnailUrl":"https:\/\/www.elracodemilu.com\/wp-content\/uploads\/2018\/07\/RESPETAME.jpg","articleSection":["Proyectos"],"inLanguage":"ca"},{"@type":"WebPage","@id":"https:\/\/www.elracodemilu.com\/programa-respetame\/","url":"https:\/\/www.elracodemilu.com\/programa-respetame\/","name":"Programa 'Resp\u00e9tame'. El Rac\u00f3 de Milu","isPartOf":{"@id":"https:\/\/www.elracodemilu.com\/#website"},"primaryImageOfPage":{"@id":"https:\/\/www.elracodemilu.com\/programa-respetame\/#primaryimage"},"image":{"@id":"https:\/\/www.elracodemilu.com\/programa-respetame\/#primaryimage"},"thumbnailUrl":"https:\/\/www.elracodemilu.com\/wp-content\/uploads\/2018\/07\/RESPETAME.jpg","datePublished":"2023-06-14T13:30:32+00:00","dateModified":"2025-02-28T10:48:09+00:00","description":"Programa educativo, en horario lectivo, para prevenir y trabajar las conductas de Bullying en los colegios.","breadcrumb":{"@id":"https:\/\/www.elracodemilu.com\/programa-respetame\/#breadcrumb"},"inLanguage":"ca","potentialAction":[{"@type":"ReadAction","target":["https:\/\/www.elracodemilu.com\/programa-respetame\/"]}]},{"@type":"ImageObject","inLanguage":"ca","@id":"https:\/\/www.elracodemilu.com\/programa-respetame\/#primaryimage","url":"https:\/\/www.elracodemilu.com\/wp-content\/uploads\/2018\/07\/RESPETAME.jpg","contentUrl":"https:\/\/www.elracodemilu.com\/wp-content\/uploads\/2018\/07\/RESPETAME.jpg","width":1600,"height":1066},{"@type":"BreadcrumbList","@id":"https:\/\/www.elracodemilu.com\/programa-respetame\/#breadcrumb","itemListElement":[{"@type":"ListItem","position":1,"name":"Portada","item":"https:\/\/www.elracodemilu.com\/"},{"@type":"ListItem","position":2,"name":"PROGRAMA SOBRE BULLYING"}]},{"@type":"WebSite","@id":"https:\/\/www.elracodemilu.com\/#website","url":"https:\/\/www.elracodemilu.com\/","name":"El Rac\u00f3 de Mil\u00fa","description":"","publisher":{"@id":"https:\/\/www.elracodemilu.com\/#organization"},"potentialAction":[{"@type":"SearchAction","target":{"@type":"EntryPoint","urlTemplate":"https:\/\/www.elracodemilu.com\/?s={search_term_string}"},"query-input":{"@type":"PropertyValueSpecification","valueRequired":true,"valueName":"search_term_string"}}],"inLanguage":"ca"},{"@type":"Organization","@id":"https:\/\/www.elracodemilu.com\/#organization","name":"El Rac\u00f3 de Milu","url":"https:\/\/www.elracodemilu.com\/","logo":{"@type":"ImageObject","inLanguage":"ca","@id":"https:\/\/www.elracodemilu.com\/#\/schema\/logo\/image\/","url":"https:\/\/www.elracodemilu.com\/wp-content\/uploads\/2023\/05\/logo_milu-1.png","contentUrl":"https:\/\/www.elracodemilu.com\/wp-content\/uploads\/2023\/05\/logo_milu-1.png","width":245,"height":111,"caption":"El Rac\u00f3 de Milu"},"image":{"@id":"https:\/\/www.elracodemilu.com\/#\/schema\/logo\/image\/"},"sameAs":["https:\/\/www.facebook.com\/elracodemilu","https:\/\/www.instagram.com\/elracodemilu\/"]},{"@type":"Person","@id":"https:\/\/www.elracodemilu.com\/#\/schema\/person\/4f8a7cf409ad89f25ee82893def280ab","name":"Maribel","image":{"@type":"ImageObject","inLanguage":"ca","@id":"https:\/\/www.elracodemilu.com\/#\/schema\/person\/image\/","url":"https:\/\/secure.gravatar.com\/avatar\/4588c34c02d58271c3238aeaaeea9b00fe0caf6f06a781bb0f0d973c71e64177?s=96&d=mm&r=g","contentUrl":"https:\/\/secure.gravatar.com\/avatar\/4588c34c02d58271c3238aeaaeea9b00fe0caf6f06a781bb0f0d973c71e64177?s=96&d=mm&r=g","caption":"Maribel"}}]}},"_links":{"self":[{"href":"https:\/\/www.elracodemilu.com\/ca\/wp-json\/wp\/v2\/posts\/2510","targetHints":{"allow":["GET"]}}],"collection":[{"href":"https:\/\/www.elracodemilu.com\/ca\/wp-json\/wp\/v2\/posts"}],"about":[{"href":"https:\/\/www.elracodemilu.com\/ca\/wp-json\/wp\/v2\/types\/post"}],"author":[{"embeddable":true,"href":"https:\/\/www.elracodemilu.com\/ca\/wp-json\/wp\/v2\/users\/2"}],"replies":[{"embeddable":true,"href":"https:\/\/www.elracodemilu.com\/ca\/wp-json\/wp\/v2\/comments?post=2510"}],"version-history":[{"count":12,"href":"https:\/\/www.elracodemilu.com\/ca\/wp-json\/wp\/v2\/posts\/2510\/revisions"}],"predecessor-version":[{"id":6697,"href":"https:\/\/www.elracodemilu.com\/ca\/wp-json\/wp\/v2\/posts\/2510\/revisions\/6697"}],"wp:featuredmedia":[{"embeddable":true,"href":"https:\/\/www.elracodemilu.com\/ca\/wp-json\/wp\/v2\/media\/5116"}],"wp:attachment":[{"href":"https:\/\/www.elracodemilu.com\/ca\/wp-json\/wp\/v2\/media?parent=2510"}],"wp:term":[{"taxonomy":"category","embeddable":true,"href":"https:\/\/www.elracodemilu.com\/ca\/wp-json\/wp\/v2\/categories?post=2510"},{"taxonomy":"post_tag","embeddable":true,"href":"https:\/\/www.elracodemilu.com\/ca\/wp-json\/wp\/v2\/tags?post=2510"}],"curies":[{"name":"wp","href":"https:\/\/api.w.org\/{rel}","templated":true}]}}