{"id":174,"date":"2023-06-15T11:07:49","date_gmt":"2023-06-15T11:07:49","guid":{"rendered":"http:\/\/academist.elated-themes.com\/?p=174"},"modified":"2025-02-28T10:41:32","modified_gmt":"2025-02-28T10:41:32","slug":"programa-mental-youth","status":"publish","type":"post","link":"https:\/\/www.elracodemilu.com\/ca\/programa-mental-youth\/","title":{"rendered":"SALUT MENTAL AMB JOVES"},"content":{"rendered":"<div class=\"wp-block-columns is-layout-flex wp-container-core-columns-is-layout-28f84493 wp-block-columns-is-layout-flex\">\n<div class=\"wp-block-column is-layout-flow wp-block-column-is-layout-flow\">\n<p>&nbsp;&nbsp;El programa <strong>\u00abMental Youth\u00bb <\/strong>se desarrolla en diferentes hospitales desde el a\u00f1o 2010 y consiste en generar diversas din\u00e1micas como&nbsp; adiestramiento canino,&nbsp; juegos cooperativos, circuitos de Agility, reconocimiento de emociones en nosotros y en el perro, etc. donde a trav\u00e9s del trabajo directo con el animal, se aprovechan los valores intr\u00ednsecos de este para poder trabajar aspectos y<strong> objectius concrets.<\/strong>.<\/p>\n\n\n\n<p>Sempre utilitzem m\u00e8todes positius, tant amb el gos com entre nosaltres. <strong>Utilitzant sempre el gos com a model<\/strong>, trabajamos&nbsp; las alteraciones de la conducta desde la autoestima, la gesti\u00f3n de las emociones o conductas obsesivas y r\u00edgidas pasando por el cuidado personal.<\/p>\n<\/div>\n\n\n\n<div class=\"wp-block-column is-layout-flow wp-block-column-is-layout-flow\">\n<figure class=\"wp-block-image size-large\"><img fetchpriority=\"high\" decoding=\"async\" width=\"1024\" height=\"682\" src=\"https:\/\/www.elracodemilu.com\/wp-content\/uploads\/2018\/06\/MENTALYOUTH-1-1-1024x682.jpg\" alt=\"\" class=\"wp-image-5347\" srcset=\"https:\/\/www.elracodemilu.com\/wp-content\/uploads\/2018\/06\/MENTALYOUTH-1-1-1024x682.jpg 1024w, https:\/\/www.elracodemilu.com\/wp-content\/uploads\/2018\/06\/MENTALYOUTH-1-1-300x200.jpg 300w, https:\/\/www.elracodemilu.com\/wp-content\/uploads\/2018\/06\/MENTALYOUTH-1-1-768x512.jpg 768w, https:\/\/www.elracodemilu.com\/wp-content\/uploads\/2018\/06\/MENTALYOUTH-1-1-1536x1023.jpg 1536w, https:\/\/www.elracodemilu.com\/wp-content\/uploads\/2018\/06\/MENTALYOUTH-1-1.jpg 1600w\" sizes=\"(max-width: 1024px) 100vw, 1024px\" \/><\/figure>\n<\/div>\n<\/div>\n\n\n<p><span style=\"font-weight: 400;\">L\u2019aplicaci\u00f3 de t\u00e8cniques de Ter\u00e0pia Assistida amb Animals \u00e9s un recurs de treball que facilita en molts casos la consecuci\u00f3 d\u2019objectius terap\u00e8utics establerts, <\/span><b>creant un marc relacional amb l\u2019animal que potencia la implicaci\u00f3 del pacient i la seva participaci\u00f3.<\/b><\/p>\n<p><span style=\"font-weight: 400;\">Aquest projecte es realitza en:<\/span><\/p>\n<ul>\n<li style=\"list-style-type: none;\">\n<ul>\n<li style=\"list-style-type: none;\">\n<ul>\n<li style=\"font-weight: 400;\" aria-level=\"1\"><b><a href=\"https:\/\/www.fundaciohospitalariessantboi.org\/es\/centros\/centros-en-sant-boi-de-llobregat\/\">Hospital de Salud Mental Benito Menni de Sant Bo<\/a>i<\/b><span style=\"font-weight: 400;\"> de Llobregat en la unitat de crisi d\u2019adolescents (UCA) amb joves de 12 a 18 anys que estan ingressats a l\u2019Hospital<\/span><\/li>\n<li style=\"font-weight: 400;\" aria-level=\"1\"><a href=\"https:\/\/umainsalud.com\"><b>Hospital de Dia Sagrat Cor de Barcelona (Instituto de Neurociencias UMAIN)<\/b><\/a><span style=\"font-weight: 400;\">Treballem amb joves amb diferents patologies de salut mental, principalment Trastorn de la Conducta Aliment\u00e0ria.\u00a0<\/span><\/li>\n<\/ul>\n<\/li>\n<\/ul>\n<\/li>\n<\/ul>","protected":false},"excerpt":{"rendered":"<p>\u00a0El programa \u00abMental Youth\u00bb se desarrolla en diferentes hospitales desde el a\u00f1o 2010 y consiste en generar diversas din\u00e1micas como\u00a0 adiestramiento canino,\u00a0 juegos cooperativos, circuitos de Agility, reconocimiento de emociones en nosotros y en el perro, etc. donde a trav\u00e9s del trabajo directo con el animal, se aprovechan los valores intr\u00ednsecos de este para poder trabajar aspectos y objetivos concretos.<\/p>","protected":false},"author":2,"featured_media":5347,"comment_status":"closed","ping_status":"closed","sticky":false,"template":"","format":"standard","meta":{"site-container-style":"default","site-container-layout":"default","site-sidebar-layout":"default","site-transparent-header":"default","disable-article-header":"default","disable-site-header":"default","disable-site-footer":"default","disable-content-area-spacing":"default","footnotes":""},"categories":[64],"tags":[],"class_list":["post-174","post","type-post","status-publish","format-standard","has-post-thumbnail","hentry","category-proyectos"],"yoast_head":"<!-- This site is optimized with the Yoast SEO plugin v25.3.1 - https:\/\/yoast.com\/wordpress\/plugins\/seo\/ -->\n<title>Programa &#039;Mental youth&#039;. El Rac\u00f3 de Milu<\/title>\n<meta name=\"description\" content=\"El programa Mental Youth se desarrolla en diferentes hospitales desde el a\u00f1o 2010 y consiste en generar diversas din\u00e1micas como adiestramiento canino\" \/>\n<meta name=\"robots\" content=\"index, follow, max-snippet:-1, max-image-preview:large, max-video-preview:-1\" \/>\n<link rel=\"canonical\" href=\"https:\/\/www.elracodemilu.com\/ca\/programa-mental-youth\/\" \/>\n<meta property=\"og:locale\" content=\"ca_ES\" \/>\n<meta property=\"og:type\" content=\"article\" \/>\n<meta property=\"og:title\" content=\"Programa &#039;Mental youth&#039;. El Rac\u00f3 de Milu\" \/>\n<meta property=\"og:description\" content=\"El programa Mental Youth se desarrolla en diferentes hospitales desde el a\u00f1o 2010 y consiste en generar diversas din\u00e1micas como adiestramiento canino\" \/>\n<meta property=\"og:url\" content=\"https:\/\/www.elracodemilu.com\/ca\/programa-mental-youth\/\" \/>\n<meta property=\"og:site_name\" content=\"El Rac\u00f3 de Milu\" \/>\n<meta property=\"article:publisher\" content=\"https:\/\/www.facebook.com\/elracodemilu\" \/>\n<meta property=\"article:published_time\" content=\"2023-06-15T11:07:49+00:00\" \/>\n<meta property=\"article:modified_time\" content=\"2025-02-28T10:41:32+00:00\" \/>\n<meta property=\"og:image\" content=\"https:\/\/www.elracodemilu.com\/wp-content\/uploads\/2018\/06\/MENTALYOUTH-1-1.jpg\" \/>\n\t<meta property=\"og:image:width\" content=\"1600\" \/>\n\t<meta property=\"og:image:height\" content=\"1066\" \/>\n\t<meta property=\"og:image:type\" content=\"image\/jpeg\" \/>\n<meta name=\"author\" content=\"Maribel\" \/>\n<meta name=\"twitter:card\" content=\"summary_large_image\" \/>\n<meta name=\"twitter:label1\" content=\"Escrit per\" \/>\n\t<meta name=\"twitter:data1\" content=\"Maribel\" \/>\n\t<meta name=\"twitter:label2\" content=\"Temps estimat de lectura\" \/>\n\t<meta name=\"twitter:data2\" content=\"2 minuts\" \/>\n<script type=\"application\/ld+json\" class=\"yoast-schema-graph\">{\"@context\":\"https:\/\/schema.org\",\"@graph\":[{\"@type\":\"Article\",\"@id\":\"https:\/\/www.elracodemilu.com\/programa-mental-youth\/#article\",\"isPartOf\":{\"@id\":\"https:\/\/www.elracodemilu.com\/programa-mental-youth\/\"},\"author\":{\"name\":\"Maribel\",\"@id\":\"https:\/\/www.elracodemilu.com\/#\/schema\/person\/4f8a7cf409ad89f25ee82893def280ab\"},\"headline\":\"SALUD MENTAL CON J\u00d3VENES\",\"datePublished\":\"2023-06-15T11:07:49+00:00\",\"dateModified\":\"2025-02-28T10:41:32+00:00\",\"mainEntityOfPage\":{\"@id\":\"https:\/\/www.elracodemilu.com\/programa-mental-youth\/\"},\"wordCount\":230,\"publisher\":{\"@id\":\"https:\/\/www.elracodemilu.com\/#organization\"},\"image\":{\"@id\":\"https:\/\/www.elracodemilu.com\/programa-mental-youth\/#primaryimage\"},\"thumbnailUrl\":\"https:\/\/www.elracodemilu.com\/wp-content\/uploads\/2018\/06\/MENTALYOUTH-1-1.jpg\",\"articleSection\":[\"Proyectos\"],\"inLanguage\":\"ca\"},{\"@type\":\"WebPage\",\"@id\":\"https:\/\/www.elracodemilu.com\/programa-mental-youth\/\",\"url\":\"https:\/\/www.elracodemilu.com\/programa-mental-youth\/\",\"name\":\"Programa 'Mental youth'. El Rac\u00f3 de Milu\",\"isPartOf\":{\"@id\":\"https:\/\/www.elracodemilu.com\/#website\"},\"primaryImageOfPage\":{\"@id\":\"https:\/\/www.elracodemilu.com\/programa-mental-youth\/#primaryimage\"},\"image\":{\"@id\":\"https:\/\/www.elracodemilu.com\/programa-mental-youth\/#primaryimage\"},\"thumbnailUrl\":\"https:\/\/www.elracodemilu.com\/wp-content\/uploads\/2018\/06\/MENTALYOUTH-1-1.jpg\",\"datePublished\":\"2023-06-15T11:07:49+00:00\",\"dateModified\":\"2025-02-28T10:41:32+00:00\",\"description\":\"El programa Mental Youth se desarrolla en diferentes hospitales desde el a\u00f1o 2010 y consiste en generar diversas din\u00e1micas como adiestramiento canino\",\"breadcrumb\":{\"@id\":\"https:\/\/www.elracodemilu.com\/programa-mental-youth\/#breadcrumb\"},\"inLanguage\":\"ca\",\"potentialAction\":[{\"@type\":\"ReadAction\",\"target\":[\"https:\/\/www.elracodemilu.com\/programa-mental-youth\/\"]}]},{\"@type\":\"ImageObject\",\"inLanguage\":\"ca\",\"@id\":\"https:\/\/www.elracodemilu.com\/programa-mental-youth\/#primaryimage\",\"url\":\"https:\/\/www.elracodemilu.com\/wp-content\/uploads\/2018\/06\/MENTALYOUTH-1-1.jpg\",\"contentUrl\":\"https:\/\/www.elracodemilu.com\/wp-content\/uploads\/2018\/06\/MENTALYOUTH-1-1.jpg\",\"width\":1600,\"height\":1066},{\"@type\":\"BreadcrumbList\",\"@id\":\"https:\/\/www.elracodemilu.com\/programa-mental-youth\/#breadcrumb\",\"itemListElement\":[{\"@type\":\"ListItem\",\"position\":1,\"name\":\"Portada\",\"item\":\"https:\/\/www.elracodemilu.com\/\"},{\"@type\":\"ListItem\",\"position\":2,\"name\":\"SALUD MENTAL CON J\u00d3VENES\"}]},{\"@type\":\"WebSite\",\"@id\":\"https:\/\/www.elracodemilu.com\/#website\",\"url\":\"https:\/\/www.elracodemilu.com\/\",\"name\":\"El Rac\u00f3 de Mil\u00fa\",\"description\":\"\",\"publisher\":{\"@id\":\"https:\/\/www.elracodemilu.com\/#organization\"},\"potentialAction\":[{\"@type\":\"SearchAction\",\"target\":{\"@type\":\"EntryPoint\",\"urlTemplate\":\"https:\/\/www.elracodemilu.com\/?s={search_term_string}\"},\"query-input\":{\"@type\":\"PropertyValueSpecification\",\"valueRequired\":true,\"valueName\":\"search_term_string\"}}],\"inLanguage\":\"ca\"},{\"@type\":\"Organization\",\"@id\":\"https:\/\/www.elracodemilu.com\/#organization\",\"name\":\"El Rac\u00f3 de Milu\",\"url\":\"https:\/\/www.elracodemilu.com\/\",\"logo\":{\"@type\":\"ImageObject\",\"inLanguage\":\"ca\",\"@id\":\"https:\/\/www.elracodemilu.com\/#\/schema\/logo\/image\/\",\"url\":\"https:\/\/www.elracodemilu.com\/wp-content\/uploads\/2023\/05\/logo_milu-1.png\",\"contentUrl\":\"https:\/\/www.elracodemilu.com\/wp-content\/uploads\/2023\/05\/logo_milu-1.png\",\"width\":245,\"height\":111,\"caption\":\"El Rac\u00f3 de Milu\"},\"image\":{\"@id\":\"https:\/\/www.elracodemilu.com\/#\/schema\/logo\/image\/\"},\"sameAs\":[\"https:\/\/www.facebook.com\/elracodemilu\",\"https:\/\/www.instagram.com\/elracodemilu\/\"]},{\"@type\":\"Person\",\"@id\":\"https:\/\/www.elracodemilu.com\/#\/schema\/person\/4f8a7cf409ad89f25ee82893def280ab\",\"name\":\"Maribel\",\"image\":{\"@type\":\"ImageObject\",\"inLanguage\":\"ca\",\"@id\":\"https:\/\/www.elracodemilu.com\/#\/schema\/person\/image\/\",\"url\":\"https:\/\/secure.gravatar.com\/avatar\/4588c34c02d58271c3238aeaaeea9b00fe0caf6f06a781bb0f0d973c71e64177?s=96&d=mm&r=g\",\"contentUrl\":\"https:\/\/secure.gravatar.com\/avatar\/4588c34c02d58271c3238aeaaeea9b00fe0caf6f06a781bb0f0d973c71e64177?s=96&d=mm&r=g\",\"caption\":\"Maribel\"}}]}<\/script>\n<!-- \/ Yoast SEO plugin. -->","yoast_head_json":{"title":"Programa 'Mental youth'. El Rac\u00f3 de Milu","description":"El programa Mental Youth se desarrolla en diferentes hospitales desde el a\u00f1o 2010 y consiste en generar diversas din\u00e1micas como adiestramiento canino","robots":{"index":"index","follow":"follow","max-snippet":"max-snippet:-1","max-image-preview":"max-image-preview:large","max-video-preview":"max-video-preview:-1"},"canonical":"https:\/\/www.elracodemilu.com\/ca\/programa-mental-youth\/","og_locale":"ca_ES","og_type":"article","og_title":"Programa 'Mental youth'. El Rac\u00f3 de Milu","og_description":"El programa Mental Youth se desarrolla en diferentes hospitales desde el a\u00f1o 2010 y consiste en generar diversas din\u00e1micas como adiestramiento canino","og_url":"https:\/\/www.elracodemilu.com\/ca\/programa-mental-youth\/","og_site_name":"El Rac\u00f3 de Milu","article_publisher":"https:\/\/www.facebook.com\/elracodemilu","article_published_time":"2023-06-15T11:07:49+00:00","article_modified_time":"2025-02-28T10:41:32+00:00","og_image":[{"width":1600,"height":1066,"url":"https:\/\/www.elracodemilu.com\/wp-content\/uploads\/2018\/06\/MENTALYOUTH-1-1.jpg","type":"image\/jpeg"}],"author":"Maribel","twitter_card":"summary_large_image","twitter_misc":{"Escrit per":"Maribel","Temps estimat de lectura":"2 minuts"},"schema":{"@context":"https:\/\/schema.org","@graph":[{"@type":"Article","@id":"https:\/\/www.elracodemilu.com\/programa-mental-youth\/#article","isPartOf":{"@id":"https:\/\/www.elracodemilu.com\/programa-mental-youth\/"},"author":{"name":"Maribel","@id":"https:\/\/www.elracodemilu.com\/#\/schema\/person\/4f8a7cf409ad89f25ee82893def280ab"},"headline":"SALUD MENTAL CON J\u00d3VENES","datePublished":"2023-06-15T11:07:49+00:00","dateModified":"2025-02-28T10:41:32+00:00","mainEntityOfPage":{"@id":"https:\/\/www.elracodemilu.com\/programa-mental-youth\/"},"wordCount":230,"publisher":{"@id":"https:\/\/www.elracodemilu.com\/#organization"},"image":{"@id":"https:\/\/www.elracodemilu.com\/programa-mental-youth\/#primaryimage"},"thumbnailUrl":"https:\/\/www.elracodemilu.com\/wp-content\/uploads\/2018\/06\/MENTALYOUTH-1-1.jpg","articleSection":["Proyectos"],"inLanguage":"ca"},{"@type":"WebPage","@id":"https:\/\/www.elracodemilu.com\/programa-mental-youth\/","url":"https:\/\/www.elracodemilu.com\/programa-mental-youth\/","name":"Programa 'Mental youth'. El Rac\u00f3 de Milu","isPartOf":{"@id":"https:\/\/www.elracodemilu.com\/#website"},"primaryImageOfPage":{"@id":"https:\/\/www.elracodemilu.com\/programa-mental-youth\/#primaryimage"},"image":{"@id":"https:\/\/www.elracodemilu.com\/programa-mental-youth\/#primaryimage"},"thumbnailUrl":"https:\/\/www.elracodemilu.com\/wp-content\/uploads\/2018\/06\/MENTALYOUTH-1-1.jpg","datePublished":"2023-06-15T11:07:49+00:00","dateModified":"2025-02-28T10:41:32+00:00","description":"El programa Mental Youth se desarrolla en diferentes hospitales desde el a\u00f1o 2010 y consiste en generar diversas din\u00e1micas como adiestramiento canino","breadcrumb":{"@id":"https:\/\/www.elracodemilu.com\/programa-mental-youth\/#breadcrumb"},"inLanguage":"ca","potentialAction":[{"@type":"ReadAction","target":["https:\/\/www.elracodemilu.com\/programa-mental-youth\/"]}]},{"@type":"ImageObject","inLanguage":"ca","@id":"https:\/\/www.elracodemilu.com\/programa-mental-youth\/#primaryimage","url":"https:\/\/www.elracodemilu.com\/wp-content\/uploads\/2018\/06\/MENTALYOUTH-1-1.jpg","contentUrl":"https:\/\/www.elracodemilu.com\/wp-content\/uploads\/2018\/06\/MENTALYOUTH-1-1.jpg","width":1600,"height":1066},{"@type":"BreadcrumbList","@id":"https:\/\/www.elracodemilu.com\/programa-mental-youth\/#breadcrumb","itemListElement":[{"@type":"ListItem","position":1,"name":"Portada","item":"https:\/\/www.elracodemilu.com\/"},{"@type":"ListItem","position":2,"name":"SALUD MENTAL CON J\u00d3VENES"}]},{"@type":"WebSite","@id":"https:\/\/www.elracodemilu.com\/#website","url":"https:\/\/www.elracodemilu.com\/","name":"El Rac\u00f3 de Mil\u00fa","description":"","publisher":{"@id":"https:\/\/www.elracodemilu.com\/#organization"},"potentialAction":[{"@type":"SearchAction","target":{"@type":"EntryPoint","urlTemplate":"https:\/\/www.elracodemilu.com\/?s={search_term_string}"},"query-input":{"@type":"PropertyValueSpecification","valueRequired":true,"valueName":"search_term_string"}}],"inLanguage":"ca"},{"@type":"Organization","@id":"https:\/\/www.elracodemilu.com\/#organization","name":"El Rac\u00f3 de Milu","url":"https:\/\/www.elracodemilu.com\/","logo":{"@type":"ImageObject","inLanguage":"ca","@id":"https:\/\/www.elracodemilu.com\/#\/schema\/logo\/image\/","url":"https:\/\/www.elracodemilu.com\/wp-content\/uploads\/2023\/05\/logo_milu-1.png","contentUrl":"https:\/\/www.elracodemilu.com\/wp-content\/uploads\/2023\/05\/logo_milu-1.png","width":245,"height":111,"caption":"El Rac\u00f3 de Milu"},"image":{"@id":"https:\/\/www.elracodemilu.com\/#\/schema\/logo\/image\/"},"sameAs":["https:\/\/www.facebook.com\/elracodemilu","https:\/\/www.instagram.com\/elracodemilu\/"]},{"@type":"Person","@id":"https:\/\/www.elracodemilu.com\/#\/schema\/person\/4f8a7cf409ad89f25ee82893def280ab","name":"Maribel","image":{"@type":"ImageObject","inLanguage":"ca","@id":"https:\/\/www.elracodemilu.com\/#\/schema\/person\/image\/","url":"https:\/\/secure.gravatar.com\/avatar\/4588c34c02d58271c3238aeaaeea9b00fe0caf6f06a781bb0f0d973c71e64177?s=96&d=mm&r=g","contentUrl":"https:\/\/secure.gravatar.com\/avatar\/4588c34c02d58271c3238aeaaeea9b00fe0caf6f06a781bb0f0d973c71e64177?s=96&d=mm&r=g","caption":"Maribel"}}]}},"_links":{"self":[{"href":"https:\/\/www.elracodemilu.com\/ca\/wp-json\/wp\/v2\/posts\/174","targetHints":{"allow":["GET"]}}],"collection":[{"href":"https:\/\/www.elracodemilu.com\/ca\/wp-json\/wp\/v2\/posts"}],"about":[{"href":"https:\/\/www.elracodemilu.com\/ca\/wp-json\/wp\/v2\/types\/post"}],"author":[{"embeddable":true,"href":"https:\/\/www.elracodemilu.com\/ca\/wp-json\/wp\/v2\/users\/2"}],"replies":[{"embeddable":true,"href":"https:\/\/www.elracodemilu.com\/ca\/wp-json\/wp\/v2\/comments?post=174"}],"version-history":[{"count":15,"href":"https:\/\/www.elracodemilu.com\/ca\/wp-json\/wp\/v2\/posts\/174\/revisions"}],"predecessor-version":[{"id":6695,"href":"https:\/\/www.elracodemilu.com\/ca\/wp-json\/wp\/v2\/posts\/174\/revisions\/6695"}],"wp:featuredmedia":[{"embeddable":true,"href":"https:\/\/www.elracodemilu.com\/ca\/wp-json\/wp\/v2\/media\/5347"}],"wp:attachment":[{"href":"https:\/\/www.elracodemilu.com\/ca\/wp-json\/wp\/v2\/media?parent=174"}],"wp:term":[{"taxonomy":"category","embeddable":true,"href":"https:\/\/www.elracodemilu.com\/ca\/wp-json\/wp\/v2\/categories?post=174"},{"taxonomy":"post_tag","embeddable":true,"href":"https:\/\/www.elracodemilu.com\/ca\/wp-json\/wp\/v2\/tags?post=174"}],"curies":[{"name":"wp","href":"https:\/\/api.w.org\/{rel}","templated":true}]}}