{"id":125,"date":"2018-06-25T07:34:33","date_gmt":"2018-06-25T07:34:33","guid":{"rendered":"http:\/\/academist.elated-themes.com\/?p=125"},"modified":"2025-02-28T11:34:35","modified_gmt":"2025-02-28T11:34:35","slug":"programa-incluyeme","status":"publish","type":"post","link":"https:\/\/www.elracodemilu.com\/ca\/programa-incluyeme\/","title":{"rendered":"PROGRAMA EDUCACI\u00d3 PRIM\u00c0RIA"},"content":{"rendered":"<figure class=\"wp-block-image size-large\"><img fetchpriority=\"high\" decoding=\"async\" width=\"1024\" height=\"682\" src=\"https:\/\/www.elracodemilu.com\/wp-content\/uploads\/2018\/06\/INCLUYEME-1024x682.jpg\" alt=\"\" class=\"wp-image-5126\" srcset=\"https:\/\/www.elracodemilu.com\/wp-content\/uploads\/2018\/06\/INCLUYEME-1024x682.jpg 1024w, https:\/\/www.elracodemilu.com\/wp-content\/uploads\/2018\/06\/INCLUYEME-300x200.jpg 300w, https:\/\/www.elracodemilu.com\/wp-content\/uploads\/2018\/06\/INCLUYEME-768x512.jpg 768w, https:\/\/www.elracodemilu.com\/wp-content\/uploads\/2018\/06\/INCLUYEME-1536x1023.jpg 1536w, https:\/\/www.elracodemilu.com\/wp-content\/uploads\/2018\/06\/INCLUYEME.jpg 1600w\" sizes=\"(max-width: 1024px) 100vw, 1024px\" \/><\/figure>\n\n\n<p><b>Programa Educatiu dirigit a incloure nens i nenes amb diferents necessitats a l'escola ordin\u00e0ria<\/b><\/p>\n<p><span style=\"font-weight: 400;\">Un projecte dirigit a nens i nenes de prim\u00e0ria amb diferents necessitats, socials, motrius i\/o emocionals. A trav\u00e9s del contacte i el joc amb el gos, treballem les relacions entre iguals, les habilitats socials i la inclusi\u00f3 d'aquests nens i nenes dins de l'escola ordin\u00e0ria.\u00a0<\/span><\/p>\n<p><span style=\"font-weight: 400;\">Alguns dels objectius que treballem s\u00f3n:<\/span><\/p>\n<ul>\n<li style=\"list-style-type: none;\">\n<ul>\n<li style=\"list-style-type: none;\">\n<ul>\n<li style=\"font-weight: 400;\" aria-level=\"1\"><span style=\"font-weight: 400;\">Acceptar les difer\u00e8ncies<\/span><\/li>\n<li style=\"font-weight: 400;\" aria-level=\"1\"><span style=\"font-weight: 400;\">Millorar l'autoestima<\/span><\/li>\n<li style=\"font-weight: 400;\" aria-level=\"1\"><span style=\"font-weight: 400;\">Acceptar els l\u00edmits<\/span><\/li>\n<li style=\"font-weight: 400;\" aria-level=\"1\"><span style=\"font-weight: 400;\">Fomentar l'empatia<\/span><\/li>\n<li style=\"font-weight: 400;\" aria-level=\"1\"><span style=\"font-weight: 400;\">Adquirir actituds positives<\/span><\/li>\n<li style=\"font-weight: 400;\" aria-level=\"1\"><span style=\"font-weight: 400;\">Augmentar l'expressi\u00f3 d'emocions i sentiments<\/span><\/li>\n<\/ul>\n<\/li>\n<\/ul>\n<\/li>\n<\/ul>\n<p><span style=\"font-weight: 400;\">Aquest projecte es realitza en:<\/span><\/p>\n<ul>\n<li style=\"list-style-type: none;\">\n<ul>\n<li style=\"list-style-type: none;\">\n<ul>\n<li style=\"font-weight: 400;\" aria-level=\"1\"><b>Escola Rafael Alberti <\/b><span style=\"font-weight: 400;\">de Badalona amb la col\u00b7laboraci\u00f3 de<\/span> <a href=\"http:\/\/isom.cat\/es\/\"><b>ISOM<\/b><\/a><b>, la <\/b><a href=\"http:\/\/www.fundaciosummae.cat\/es\"><b>Fundaci\u00f3 Summae<\/b><\/a><b>, l<\/b><a href=\"https:\/\/serveiseducatius.xtec.cat\/badalona\/el-servei-educatiu\/equip\/eap\/\"><b>&#8216;EAP<\/b><\/a><b> i la <\/b><a href=\"https:\/\/agora.xtec.cat\/escolarafaelalberti\/\"><b>Escuela Rafael Alberti.<\/b><\/a><\/li>\n<\/ul>\n<\/li>\n<\/ul>\n<\/li>\n<\/ul>\n<p>\u00a0<\/p>\n<p>\u00a0<\/p>","protected":false},"excerpt":{"rendered":"<p>Un projecte dirigit a nens i nenes de prim\u00e0ria amb diferents necessitats, socials, motrius i\/o emocionals. A trav\u00e9s del contacte i el joc amb el gos, treballem les relacions entre iguals, les habilitats socials i la inclusi\u00f3 d'aquests nens i nenes dins de l'escola ordin\u00e0ria.\u00a0<\/p>","protected":false},"author":2,"featured_media":5126,"comment_status":"open","ping_status":"open","sticky":false,"template":"","format":"standard","meta":{"site-container-style":"default","site-container-layout":"default","site-sidebar-layout":"default","site-transparent-header":"default","disable-article-header":"default","disable-site-header":"default","disable-site-footer":"default","disable-content-area-spacing":"default","footnotes":""},"categories":[64],"tags":[],"class_list":["post-125","post","type-post","status-publish","format-standard","has-post-thumbnail","hentry","category-proyectos"],"yoast_head":"<!-- This site is optimized with the Yoast SEO plugin v25.3.1 - https:\/\/yoast.com\/wordpress\/plugins\/seo\/ -->\n<title>Programa &#039;Incl\u00fayeme&#039;. El Rac\u00f3 de Milu<\/title>\n<meta name=\"description\" content=\"Programa Educativo dirigido a incluir ni\u00f1os y ni\u00f1as con diferentes necesidades en la escuela ordinaria.\" \/>\n<meta name=\"robots\" content=\"index, follow, max-snippet:-1, max-image-preview:large, max-video-preview:-1\" \/>\n<link rel=\"canonical\" href=\"https:\/\/www.elracodemilu.com\/ca\/programa-incluyeme\/\" \/>\n<meta property=\"og:locale\" content=\"ca_ES\" \/>\n<meta property=\"og:type\" content=\"article\" \/>\n<meta property=\"og:title\" content=\"Programa &#039;Incl\u00fayeme&#039;. El Rac\u00f3 de Milu\" \/>\n<meta property=\"og:description\" content=\"Programa Educativo dirigido a incluir ni\u00f1os y ni\u00f1as con diferentes necesidades en la escuela ordinaria.\" \/>\n<meta property=\"og:url\" content=\"https:\/\/www.elracodemilu.com\/ca\/programa-incluyeme\/\" \/>\n<meta property=\"og:site_name\" content=\"El Rac\u00f3 de Milu\" \/>\n<meta property=\"article:publisher\" content=\"https:\/\/www.facebook.com\/elracodemilu\" \/>\n<meta property=\"article:published_time\" content=\"2018-06-25T07:34:33+00:00\" \/>\n<meta property=\"article:modified_time\" content=\"2025-02-28T11:34:35+00:00\" \/>\n<meta property=\"og:image\" content=\"https:\/\/www.elracodemilu.com\/wp-content\/uploads\/2018\/06\/INCLUYEME.jpg\" \/>\n\t<meta property=\"og:image:width\" content=\"1600\" \/>\n\t<meta property=\"og:image:height\" content=\"1066\" \/>\n\t<meta property=\"og:image:type\" content=\"image\/jpeg\" \/>\n<meta name=\"author\" content=\"Maribel\" \/>\n<meta name=\"twitter:card\" content=\"summary_large_image\" \/>\n<meta name=\"twitter:label1\" content=\"Escrit per\" \/>\n\t<meta name=\"twitter:data1\" content=\"Maribel\" \/>\n\t<meta name=\"twitter:label2\" content=\"Temps estimat de lectura\" \/>\n\t<meta name=\"twitter:data2\" content=\"1 minut\" \/>\n<script type=\"application\/ld+json\" class=\"yoast-schema-graph\">{\"@context\":\"https:\/\/schema.org\",\"@graph\":[{\"@type\":\"Article\",\"@id\":\"https:\/\/www.elracodemilu.com\/programa-incluyeme\/#article\",\"isPartOf\":{\"@id\":\"https:\/\/www.elracodemilu.com\/programa-incluyeme\/\"},\"author\":{\"name\":\"Maribel\",\"@id\":\"https:\/\/www.elracodemilu.com\/#\/schema\/person\/4f8a7cf409ad89f25ee82893def280ab\"},\"headline\":\"PROGRAMA EDUCACI\u00d3N PRIMARIA\",\"datePublished\":\"2018-06-25T07:34:33+00:00\",\"dateModified\":\"2025-02-28T11:34:35+00:00\",\"mainEntityOfPage\":{\"@id\":\"https:\/\/www.elracodemilu.com\/programa-incluyeme\/\"},\"wordCount\":139,\"commentCount\":0,\"publisher\":{\"@id\":\"https:\/\/www.elracodemilu.com\/#organization\"},\"image\":{\"@id\":\"https:\/\/www.elracodemilu.com\/programa-incluyeme\/#primaryimage\"},\"thumbnailUrl\":\"https:\/\/www.elracodemilu.com\/wp-content\/uploads\/2018\/06\/INCLUYEME.jpg\",\"articleSection\":[\"Proyectos\"],\"inLanguage\":\"ca\",\"potentialAction\":[{\"@type\":\"CommentAction\",\"name\":\"Comment\",\"target\":[\"https:\/\/www.elracodemilu.com\/programa-incluyeme\/#respond\"]}]},{\"@type\":\"WebPage\",\"@id\":\"https:\/\/www.elracodemilu.com\/programa-incluyeme\/\",\"url\":\"https:\/\/www.elracodemilu.com\/programa-incluyeme\/\",\"name\":\"Programa 'Incl\u00fayeme'. El Rac\u00f3 de Milu\",\"isPartOf\":{\"@id\":\"https:\/\/www.elracodemilu.com\/#website\"},\"primaryImageOfPage\":{\"@id\":\"https:\/\/www.elracodemilu.com\/programa-incluyeme\/#primaryimage\"},\"image\":{\"@id\":\"https:\/\/www.elracodemilu.com\/programa-incluyeme\/#primaryimage\"},\"thumbnailUrl\":\"https:\/\/www.elracodemilu.com\/wp-content\/uploads\/2018\/06\/INCLUYEME.jpg\",\"datePublished\":\"2018-06-25T07:34:33+00:00\",\"dateModified\":\"2025-02-28T11:34:35+00:00\",\"description\":\"Programa Educativo dirigido a incluir ni\u00f1os y ni\u00f1as con diferentes necesidades en la escuela ordinaria.\",\"breadcrumb\":{\"@id\":\"https:\/\/www.elracodemilu.com\/programa-incluyeme\/#breadcrumb\"},\"inLanguage\":\"ca\",\"potentialAction\":[{\"@type\":\"ReadAction\",\"target\":[\"https:\/\/www.elracodemilu.com\/programa-incluyeme\/\"]}]},{\"@type\":\"ImageObject\",\"inLanguage\":\"ca\",\"@id\":\"https:\/\/www.elracodemilu.com\/programa-incluyeme\/#primaryimage\",\"url\":\"https:\/\/www.elracodemilu.com\/wp-content\/uploads\/2018\/06\/INCLUYEME.jpg\",\"contentUrl\":\"https:\/\/www.elracodemilu.com\/wp-content\/uploads\/2018\/06\/INCLUYEME.jpg\",\"width\":1600,\"height\":1066},{\"@type\":\"BreadcrumbList\",\"@id\":\"https:\/\/www.elracodemilu.com\/programa-incluyeme\/#breadcrumb\",\"itemListElement\":[{\"@type\":\"ListItem\",\"position\":1,\"name\":\"Portada\",\"item\":\"https:\/\/www.elracodemilu.com\/\"},{\"@type\":\"ListItem\",\"position\":2,\"name\":\"PROGRAMA EDUCACI\u00d3N PRIMARIA\"}]},{\"@type\":\"WebSite\",\"@id\":\"https:\/\/www.elracodemilu.com\/#website\",\"url\":\"https:\/\/www.elracodemilu.com\/\",\"name\":\"El Rac\u00f3 de Mil\u00fa\",\"description\":\"\",\"publisher\":{\"@id\":\"https:\/\/www.elracodemilu.com\/#organization\"},\"potentialAction\":[{\"@type\":\"SearchAction\",\"target\":{\"@type\":\"EntryPoint\",\"urlTemplate\":\"https:\/\/www.elracodemilu.com\/?s={search_term_string}\"},\"query-input\":{\"@type\":\"PropertyValueSpecification\",\"valueRequired\":true,\"valueName\":\"search_term_string\"}}],\"inLanguage\":\"ca\"},{\"@type\":\"Organization\",\"@id\":\"https:\/\/www.elracodemilu.com\/#organization\",\"name\":\"El Rac\u00f3 de Milu\",\"url\":\"https:\/\/www.elracodemilu.com\/\",\"logo\":{\"@type\":\"ImageObject\",\"inLanguage\":\"ca\",\"@id\":\"https:\/\/www.elracodemilu.com\/#\/schema\/logo\/image\/\",\"url\":\"https:\/\/www.elracodemilu.com\/wp-content\/uploads\/2023\/05\/logo_milu-1.png\",\"contentUrl\":\"https:\/\/www.elracodemilu.com\/wp-content\/uploads\/2023\/05\/logo_milu-1.png\",\"width\":245,\"height\":111,\"caption\":\"El Rac\u00f3 de Milu\"},\"image\":{\"@id\":\"https:\/\/www.elracodemilu.com\/#\/schema\/logo\/image\/\"},\"sameAs\":[\"https:\/\/www.facebook.com\/elracodemilu\",\"https:\/\/www.instagram.com\/elracodemilu\/\"]},{\"@type\":\"Person\",\"@id\":\"https:\/\/www.elracodemilu.com\/#\/schema\/person\/4f8a7cf409ad89f25ee82893def280ab\",\"name\":\"Maribel\",\"image\":{\"@type\":\"ImageObject\",\"inLanguage\":\"ca\",\"@id\":\"https:\/\/www.elracodemilu.com\/#\/schema\/person\/image\/\",\"url\":\"https:\/\/secure.gravatar.com\/avatar\/4588c34c02d58271c3238aeaaeea9b00fe0caf6f06a781bb0f0d973c71e64177?s=96&d=mm&r=g\",\"contentUrl\":\"https:\/\/secure.gravatar.com\/avatar\/4588c34c02d58271c3238aeaaeea9b00fe0caf6f06a781bb0f0d973c71e64177?s=96&d=mm&r=g\",\"caption\":\"Maribel\"}}]}<\/script>\n<!-- \/ Yoast SEO plugin. -->","yoast_head_json":{"title":"Programa 'Incl\u00fayeme'. El Rac\u00f3 de Milu","description":"Programa Educativo dirigido a incluir ni\u00f1os y ni\u00f1as con diferentes necesidades en la escuela ordinaria.","robots":{"index":"index","follow":"follow","max-snippet":"max-snippet:-1","max-image-preview":"max-image-preview:large","max-video-preview":"max-video-preview:-1"},"canonical":"https:\/\/www.elracodemilu.com\/ca\/programa-incluyeme\/","og_locale":"ca_ES","og_type":"article","og_title":"Programa 'Incl\u00fayeme'. El Rac\u00f3 de Milu","og_description":"Programa Educativo dirigido a incluir ni\u00f1os y ni\u00f1as con diferentes necesidades en la escuela ordinaria.","og_url":"https:\/\/www.elracodemilu.com\/ca\/programa-incluyeme\/","og_site_name":"El Rac\u00f3 de Milu","article_publisher":"https:\/\/www.facebook.com\/elracodemilu","article_published_time":"2018-06-25T07:34:33+00:00","article_modified_time":"2025-02-28T11:34:35+00:00","og_image":[{"width":1600,"height":1066,"url":"https:\/\/www.elracodemilu.com\/wp-content\/uploads\/2018\/06\/INCLUYEME.jpg","type":"image\/jpeg"}],"author":"Maribel","twitter_card":"summary_large_image","twitter_misc":{"Escrit per":"Maribel","Temps estimat de lectura":"1 minut"},"schema":{"@context":"https:\/\/schema.org","@graph":[{"@type":"Article","@id":"https:\/\/www.elracodemilu.com\/programa-incluyeme\/#article","isPartOf":{"@id":"https:\/\/www.elracodemilu.com\/programa-incluyeme\/"},"author":{"name":"Maribel","@id":"https:\/\/www.elracodemilu.com\/#\/schema\/person\/4f8a7cf409ad89f25ee82893def280ab"},"headline":"PROGRAMA EDUCACI\u00d3N PRIMARIA","datePublished":"2018-06-25T07:34:33+00:00","dateModified":"2025-02-28T11:34:35+00:00","mainEntityOfPage":{"@id":"https:\/\/www.elracodemilu.com\/programa-incluyeme\/"},"wordCount":139,"commentCount":0,"publisher":{"@id":"https:\/\/www.elracodemilu.com\/#organization"},"image":{"@id":"https:\/\/www.elracodemilu.com\/programa-incluyeme\/#primaryimage"},"thumbnailUrl":"https:\/\/www.elracodemilu.com\/wp-content\/uploads\/2018\/06\/INCLUYEME.jpg","articleSection":["Proyectos"],"inLanguage":"ca","potentialAction":[{"@type":"CommentAction","name":"Comment","target":["https:\/\/www.elracodemilu.com\/programa-incluyeme\/#respond"]}]},{"@type":"WebPage","@id":"https:\/\/www.elracodemilu.com\/programa-incluyeme\/","url":"https:\/\/www.elracodemilu.com\/programa-incluyeme\/","name":"Programa 'Incl\u00fayeme'. El Rac\u00f3 de Milu","isPartOf":{"@id":"https:\/\/www.elracodemilu.com\/#website"},"primaryImageOfPage":{"@id":"https:\/\/www.elracodemilu.com\/programa-incluyeme\/#primaryimage"},"image":{"@id":"https:\/\/www.elracodemilu.com\/programa-incluyeme\/#primaryimage"},"thumbnailUrl":"https:\/\/www.elracodemilu.com\/wp-content\/uploads\/2018\/06\/INCLUYEME.jpg","datePublished":"2018-06-25T07:34:33+00:00","dateModified":"2025-02-28T11:34:35+00:00","description":"Programa Educativo dirigido a incluir ni\u00f1os y ni\u00f1as con diferentes necesidades en la escuela ordinaria.","breadcrumb":{"@id":"https:\/\/www.elracodemilu.com\/programa-incluyeme\/#breadcrumb"},"inLanguage":"ca","potentialAction":[{"@type":"ReadAction","target":["https:\/\/www.elracodemilu.com\/programa-incluyeme\/"]}]},{"@type":"ImageObject","inLanguage":"ca","@id":"https:\/\/www.elracodemilu.com\/programa-incluyeme\/#primaryimage","url":"https:\/\/www.elracodemilu.com\/wp-content\/uploads\/2018\/06\/INCLUYEME.jpg","contentUrl":"https:\/\/www.elracodemilu.com\/wp-content\/uploads\/2018\/06\/INCLUYEME.jpg","width":1600,"height":1066},{"@type":"BreadcrumbList","@id":"https:\/\/www.elracodemilu.com\/programa-incluyeme\/#breadcrumb","itemListElement":[{"@type":"ListItem","position":1,"name":"Portada","item":"https:\/\/www.elracodemilu.com\/"},{"@type":"ListItem","position":2,"name":"PROGRAMA EDUCACI\u00d3N PRIMARIA"}]},{"@type":"WebSite","@id":"https:\/\/www.elracodemilu.com\/#website","url":"https:\/\/www.elracodemilu.com\/","name":"El Rac\u00f3 de Mil\u00fa","description":"","publisher":{"@id":"https:\/\/www.elracodemilu.com\/#organization"},"potentialAction":[{"@type":"SearchAction","target":{"@type":"EntryPoint","urlTemplate":"https:\/\/www.elracodemilu.com\/?s={search_term_string}"},"query-input":{"@type":"PropertyValueSpecification","valueRequired":true,"valueName":"search_term_string"}}],"inLanguage":"ca"},{"@type":"Organization","@id":"https:\/\/www.elracodemilu.com\/#organization","name":"El Rac\u00f3 de Milu","url":"https:\/\/www.elracodemilu.com\/","logo":{"@type":"ImageObject","inLanguage":"ca","@id":"https:\/\/www.elracodemilu.com\/#\/schema\/logo\/image\/","url":"https:\/\/www.elracodemilu.com\/wp-content\/uploads\/2023\/05\/logo_milu-1.png","contentUrl":"https:\/\/www.elracodemilu.com\/wp-content\/uploads\/2023\/05\/logo_milu-1.png","width":245,"height":111,"caption":"El Rac\u00f3 de Milu"},"image":{"@id":"https:\/\/www.elracodemilu.com\/#\/schema\/logo\/image\/"},"sameAs":["https:\/\/www.facebook.com\/elracodemilu","https:\/\/www.instagram.com\/elracodemilu\/"]},{"@type":"Person","@id":"https:\/\/www.elracodemilu.com\/#\/schema\/person\/4f8a7cf409ad89f25ee82893def280ab","name":"Maribel","image":{"@type":"ImageObject","inLanguage":"ca","@id":"https:\/\/www.elracodemilu.com\/#\/schema\/person\/image\/","url":"https:\/\/secure.gravatar.com\/avatar\/4588c34c02d58271c3238aeaaeea9b00fe0caf6f06a781bb0f0d973c71e64177?s=96&d=mm&r=g","contentUrl":"https:\/\/secure.gravatar.com\/avatar\/4588c34c02d58271c3238aeaaeea9b00fe0caf6f06a781bb0f0d973c71e64177?s=96&d=mm&r=g","caption":"Maribel"}}]}},"_links":{"self":[{"href":"https:\/\/www.elracodemilu.com\/ca\/wp-json\/wp\/v2\/posts\/125","targetHints":{"allow":["GET"]}}],"collection":[{"href":"https:\/\/www.elracodemilu.com\/ca\/wp-json\/wp\/v2\/posts"}],"about":[{"href":"https:\/\/www.elracodemilu.com\/ca\/wp-json\/wp\/v2\/types\/post"}],"author":[{"embeddable":true,"href":"https:\/\/www.elracodemilu.com\/ca\/wp-json\/wp\/v2\/users\/2"}],"replies":[{"embeddable":true,"href":"https:\/\/www.elracodemilu.com\/ca\/wp-json\/wp\/v2\/comments?post=125"}],"version-history":[{"count":5,"href":"https:\/\/www.elracodemilu.com\/ca\/wp-json\/wp\/v2\/posts\/125\/revisions"}],"predecessor-version":[{"id":6724,"href":"https:\/\/www.elracodemilu.com\/ca\/wp-json\/wp\/v2\/posts\/125\/revisions\/6724"}],"wp:featuredmedia":[{"embeddable":true,"href":"https:\/\/www.elracodemilu.com\/ca\/wp-json\/wp\/v2\/media\/5126"}],"wp:attachment":[{"href":"https:\/\/www.elracodemilu.com\/ca\/wp-json\/wp\/v2\/media?parent=125"}],"wp:term":[{"taxonomy":"category","embeddable":true,"href":"https:\/\/www.elracodemilu.com\/ca\/wp-json\/wp\/v2\/categories?post=125"},{"taxonomy":"post_tag","embeddable":true,"href":"https:\/\/www.elracodemilu.com\/ca\/wp-json\/wp\/v2\/tags?post=125"}],"curies":[{"name":"wp","href":"https:\/\/api.w.org\/{rel}","templated":true}]}}